{"id":16953,"date":"2020-09-16T11:50:00","date_gmt":"2020-09-16T11:50:00","guid":{"rendered":"http:\/\/wmzpn.pl\/?p=16953"},"modified":"2020-09-18T06:55:59","modified_gmt":"2020-09-18T06:55:59","slug":"powolania-zawodnikow-kadr-wmzpn-rocznika-2007-oraz-rocznika-2008-na-mecze-mistrzowskie-z-podlaskim-zpn","status":"publish","type":"post","link":"https:\/\/wmzpn.pl\/?p=16953","title":{"rendered":"Powo\u0142ania zawodnik\u00f3w kadr WMZPN rocznika 2007 oraz rocznika 2008 na mecze mistrzowskie z Podlaskim ZPN"},"content":{"rendered":"<p>Warmi\u0144sko-Mazurski Zwi\u0105zek Pi\u0142ki No\u017cnej zawiadamia, i\u017c w dniach 21-22 wrze\u015bnia 2020 roku w Bia\u0142ymstoku odb\u0119d\u0105 si\u0119 mecze mistrzowskie Kadr WMZPN ch\u0142opc\u00f3w rocznika 2007 i rocznika 2008 z Podlaskim ZPN.<\/p>\n<p><strong><a href=\"http:\/\/wmzpn.pl\/wp-content\/uploads\/2020\/09\/powo\u0142anie_2007_21-22-09-2020_bia\u0142ystok.pdf\" target=\"_blank\" rel=\"noreferrer noopener\" data-rich-text-format-boundary=\"true\">LISTA POWO\u0141ANYCH ZAWODNIK\u00d3W ROCZNIK 2007<\/a><\/strong><\/p>\n<p><strong><a href=\"http:\/\/wmzpn.pl\/wp-content\/uploads\/2020\/09\/powo\u0142anie_2008_21-22.09.2020_bia\u0142ystok.pdf\" target=\"_blank\" rel=\"noreferrer noopener\" data-rich-text-format-boundary=\"true\">LISTA POWO\u0141ANYCH ZAWODNIK\u00d3W ROCZNIK 2008<\/a><\/strong><\/p>\n<p>Zbi\u00f3rka zawodnik\u00f3w rocznika 2007 dnia 21 wrze\u015bnia br. (poniedzia\u0142ek) o godzinie 10:00 w Olsztynie, al. Pi\u0142sudskiego 69A.<\/p>\n<p>Zbi\u00f3rka zawodnik\u00f3w rocznika 2008 dnia 21 wrze\u015bnia br. (poniedzia\u0142ek) o godzinie 13:00 w Olsztynie, al. Pi\u0142sudskiego 69A.<\/p>\n","protected":false},"excerpt":{"rendered":"<p>Warmi\u0144sko-Mazurski Zwi\u0105zek Pi\u0142ki No\u017cnej zawiadamia, i\u017c w dniach 21-22 wrze\u015bnia 2020 roku w Bia\u0142ymstoku odb\u0119d\u0105 si\u0119 mecze mistrzowskie Kadr WMZPN ch\u0142opc\u00f3w rocznika 2007 i rocznika 2008 z Podlaskim ZPN. LISTA POWO\u0141ANYCH ZAWODNIK\u00d3W ROCZNIK 2007 LISTA POWO\u0141ANYCH ZAWODNIK\u00d3W ROCZNIK 2008 Zbi\u00f3rka zawodnik\u00f3w rocznika 2007 dnia 21 wrze\u015bnia br. (poniedzia\u0142ek) o godzinie 10:00 w Olsztynie, al. Pi\u0142sudskiego [&hellip;]<\/p>\n","protected":false},"author":3,"featured_media":16957,"comment_status":"closed","ping_status":"open","sticky":false,"template":"","format":"standard","meta":{"footnotes":""},"categories":[67],"tags":[],"class_list":["post-16953","post","type-post","status-publish","format-standard","has-post-thumbnail","hentry","category-kadry-wmzpn"],"_links":{"self":[{"href":"https:\/\/wmzpn.pl\/index.php?rest_route=\/wp\/v2\/posts\/16953","targetHints":{"allow":["GET"]}}],"collection":[{"href":"https:\/\/wmzpn.pl\/index.php?rest_route=\/wp\/v2\/posts"}],"about":[{"href":"https:\/\/wmzpn.pl\/index.php?rest_route=\/wp\/v2\/types\/post"}],"author":[{"embeddable":true,"href":"https:\/\/wmzpn.pl\/index.php?rest_route=\/wp\/v2\/users\/3"}],"replies":[{"embeddable":true,"href":"https:\/\/wmzpn.pl\/index.php?rest_route=%2Fwp%2Fv2%2Fcomments&post=16953"}],"version-history":[{"count":2,"href":"https:\/\/wmzpn.pl\/index.php?rest_route=\/wp\/v2\/posts\/16953\/revisions"}],"predecessor-version":[{"id":16967,"href":"https:\/\/wmzpn.pl\/index.php?rest_route=\/wp\/v2\/posts\/16953\/revisions\/16967"}],"wp:featuredmedia":[{"embeddable":true,"href":"https:\/\/wmzpn.pl\/index.php?rest_route=\/wp\/v2\/media\/16957"}],"wp:attachment":[{"href":"https:\/\/wmzpn.pl\/index.php?rest_route=%2Fwp%2Fv2%2Fmedia&parent=16953"}],"wp:term":[{"taxonomy":"category","embeddable":true,"href":"https:\/\/wmzpn.pl\/index.php?rest_route=%2Fwp%2Fv2%2Fcategories&post=16953"},{"taxonomy":"post_tag","embeddable":true,"href":"https:\/\/wmzpn.pl\/index.php?rest_route=%2Fwp%2Fv2%2Ftags&post=16953"}],"curies":[{"name":"wp","href":"https:\/\/api.w.org\/{rel}","templated":true}]}}