{"id":16882,"date":"2020-09-15T06:50:32","date_gmt":"2020-09-15T06:50:32","guid":{"rendered":"http:\/\/wmzpn.pl\/?p=16882"},"modified":"2020-09-15T06:52:13","modified_gmt":"2020-09-15T06:52:13","slug":"magazyn-forbet-iv-ligi-odcinek-9-sezon-2020-21-krzysztof-malinowski-i-marcin-banacki","status":"publish","type":"post","link":"https:\/\/wmzpn.pl\/?p=16882","title":{"rendered":"Magazyn forBET IV Ligi \u2013 odcinek 9, sezon 2020\/21 \u2013 Krzysztof Malinowski i Marcin Banacki"},"content":{"rendered":"<p><span class=\"style-scope yt-formatted-string\" dir=\"auto\">&#x1f4e3; A\u017c pi\u0119\u0107 z dziewi\u0119ciu wynik\u00f3w zako\u0144czy\u0142o si\u0119 wygran\u0105 gospodarzy 4:0! Koniecznie zobaczcie bramki dziewi\u0105tej serii gier forBET IV Ligi i pos\u0142uchajcie rozmowy z naszymi go\u015b\u0107mi &#8211; tym razem do studia zawitali Krzysztof Malinowski i Marcin Banacki z Motoru Lubawa.<br \/>\n<\/span><\/p>\n<p><iframe loading=\"lazy\" width=\"560\" height=\"315\" src=\"https:\/\/www.youtube.com\/embed\/MaySJ6YYagA\" frameborder=\"0\" allow=\"accelerometer; autoplay; clipboard-write; encrypted-media; gyroscope; picture-in-picture\" allowfullscreen=\"\"><\/iframe><\/p>\n<hr>\n<p><span class=\"style-scope yt-formatted-string\" dir=\"auto\">Pom\u00f3\u017cmy Sebastianowi! Ca\u0142y czas mo\u017cesz wp\u0142aca\u0107 pieni\u0105dze na zbi\u00f3rk\u0119: &#x2705;<\/span><a class=\"yt-simple-endpoint style-scope yt-formatted-string\" dir=\"auto\" spellcheck=\"false\" href=\"https:\/\/www.youtube.com\/redirect?v=MaySJ6YYagA&amp;event=video_description&amp;redir_token=QUFFLUhqbUtaT1FmdEszU0lDOUNfV2cyaGdOSllISks5Z3xBQ3Jtc0ttVTNiM3B6RGQxUEVqZDJNdmMtOFNqTjdZYTlva1FIWjJkTHV0UE1sWTJzVW9fSnpCUkFoQ1BLbTVxWEFfOUhVbkRKNDJiZlU1RGg2TFJOMktDX002NzNwbktRLTBXaHl6TmpuZXVzMDJQNW9jNjQzVQ%3D%3D&amp;q=https%3A%2F%2Fpomagam.pl%2Fsebastianocimek\" target=\"_blank\" rel=\"nofollow noopener noreferrer\">https:\/\/pomagam.pl\/sebastianocimek<\/a><span class=\"style-scope yt-formatted-string\" dir=\"auto\"><br \/>\nPomagasz r\u00f3wnie\u017c wystawiaj\u0105c i licytuj\u0105c przedmioty na specjalnej grupie: &#x2705;<\/span><a class=\"yt-simple-endpoint style-scope yt-formatted-string\" dir=\"auto\" spellcheck=\"false\" href=\"https:\/\/www.youtube.com\/redirect?v=MaySJ6YYagA&amp;event=video_description&amp;redir_token=QUFFLUhqbU1NVU1UbE5fdFJJVmN0QkNDdC1OWFlsWkJrZ3xBQ3Jtc0ttd3paVkh2VVJGcnJ1MHJRTW12dkhFM0lpOGFJWnBWeEpLSmxjV3RmczV1WEIyX1Jfak9YaUNZeTVCd09aYTB1ZTgwNVZrR0tnQUNFdXBfUHFWT1hwSG5YWjlpSndHWVphdUtEVUEtR3ZXc0xnc2JEOA%3D%3D&amp;q=http%3A%2F%2Fbit.ly%2FMecz_o_Wszystko_grupa_licytacja\" target=\"_blank\" rel=\"nofollow noopener noreferrer\">http:\/\/bit.ly\/Mecz_o_Wszystko_grupa_l&#8230;<\/a><span class=\"style-scope yt-formatted-string\" dir=\"auto\"><br \/>\n<\/span><\/p>\n<p><span class=\"style-scope yt-formatted-string\" dir=\"auto\">Utalentowany i doskonale zapowiadaj\u0105cy si\u0119 m\u0142ody pi\u0142karz, kt\u00f3ry w wieku 16-lat zadebiutowa\u0142 w seniorskiej dru\u017cynie KS Pojezierze Prostki. Sebastian Ocimek w sobot\u0119 15 sierpnia pierwszy raz wybieg\u0142 na boisko w podstawowym sk\u0142adzie w meczu z Ron\u0105 03 E\u0142k. Mimo, i\u017c jego zesp\u00f3\u0142 wygra\u0142 ten mecz 4:1, dla niego zako\u0144czy\u0142 on si\u0119 dramatycznie. <\/span><\/p>\n<p><span class=\"style-scope yt-formatted-string\" dir=\"auto\">W pierwszej po\u0142owie dosz\u0142o do nieszcz\u0119\u015bliwego wypadku, w wyniku kt\u00f3rego Sebastian dozna\u0142 bardzo powa\u017cnej kontuzji kr\u0119gos\u0142upa. Zosta\u0142 natychmiast przetransportowany \u015bmig\u0142owcem do szpitala UDSK w Bia\u0142ymstoku. Diagnoza nie jest jednak optymistyczna: uraz kr\u0119g\u00f3w szyjnych z uszkodzeniem rdzenia, co wi\u0105\u017ce si\u0119 z czteroko\u0144czynowym parali\u017cem. M\u0142ody pi\u0142karz przeszed\u0142 ju\u017c pierwsz\u0105 operacj\u0119 i zosta\u0142 wprowadzony w stan \u015bpi\u0105czki farmakologicznej jednak rokowania lekarzy s\u0105 niepewne. <\/span><\/p>\n<p><span class=\"style-scope yt-formatted-string\" dir=\"auto\">Ch\u0142opak potrzebuje pomocy finansowej na leczenie i rehabilitacj\u0119, by m\u00f3c sprawnie \u017cy\u0107 i stan\u0105\u0107 na nogi. 20 wrze\u015bnia 2020 roku na stadionie OSiR przy al. Pi\u0142sudskiego 69A w Olsztynie, o godzinie <\/span>14:00<span class=\"style-scope yt-formatted-string\" dir=\"auto\"> odb\u0119dzie si\u0119 charytatywny \u201eMecz o Wszystko\u201d pomi\u0119dzy: Reprezentacj\u0105 Parlamentarzyst\u00f3w, kt\u00f3r\u0105 zasil\u0105 polscy pos\u0142owie z r\u00f3\u017cnych stron politycznych, oraz Reprezentacja \u201dWielkich Serc\u201d, w kt\u00f3rej zagraj\u0105 osoby znane ze sportu i sceny artystycznej. Transmisja LIVE z meczu b\u0119dzie dost\u0119pna na facebooku WMZPN. <\/span><\/p>\n<p><span class=\"style-scope yt-formatted-string\" dir=\"auto\">Liczba wej\u015bci\u00f3wek na to spotkanie jest ograniczona i wynosi 999 miejsc. <\/span><\/p>\n<p><span class=\"style-scope yt-formatted-string\" dir=\"auto\">Aby otrzyma\u0107 bilet wst\u0119pu, wystarczy przy wej\u015bciu na stadion wrzuci\u0107 jak\u0105kolwiek kwot\u0119 do puszek, kt\u00f3rymi b\u0119d\u0105 opiekowa\u0107 si\u0119 nasi wolontariusze. Zebrane \u015brodki zostan\u0105 przekazane na pomoc dla Sebastiana. Organizatorami przedsi\u0119wzi\u0119cia s\u0105 Warmi\u0144sko-Mazurski Zwi\u0105zek Pi\u0142ki No\u017cnej oraz Fundacja Kormoran. <\/span><\/p>\n<p><span class=\"style-scope yt-formatted-string\" dir=\"auto\">Nie pozw\u00f3lmy Sebastianowi zosta\u0107 samemu w tym trudnym okresie i pom\u00f3\u017cmy mu wygra\u0107 najwa\u017cniejszy mecz w jego \u017cyciu. Zawsze gra\u0142 zespo\u0142owo wi\u0119c teraz My stw\u00f3rzmy z nim jedn\u0105 dru\u017cyn\u0119 w walce o zdrowie i ponowne realizowanie marze\u0144.<\/span><\/p>\n","protected":false},"excerpt":{"rendered":"<p>&#x1f4e3; A\u017c pi\u0119\u0107 z dziewi\u0119ciu wynik\u00f3w zako\u0144czy\u0142o si\u0119 wygran\u0105 gospodarzy 4:0! Koniecznie zobaczcie bramki dziewi\u0105tej serii gier forBET IV Ligi i pos\u0142uchajcie rozmowy z naszymi go\u015b\u0107mi &#8211; tym razem do studia zawitali Krzysztof Malinowski i Marcin Banacki z Motoru Lubawa. Pom\u00f3\u017cmy Sebastianowi! Ca\u0142y czas mo\u017cesz wp\u0142aca\u0107 pieni\u0105dze na zbi\u00f3rk\u0119: &#x2705;https:\/\/pomagam.pl\/sebastianocimek Pomagasz r\u00f3wnie\u017c wystawiaj\u0105c i licytuj\u0105c [&hellip;]<\/p>\n","protected":false},"author":3,"featured_media":16884,"comment_status":"open","ping_status":"open","sticky":false,"template":"","format":"standard","meta":{"footnotes":""},"categories":[94],"tags":[],"class_list":["post-16882","post","type-post","status-publish","format-standard","has-post-thumbnail","hentry","category-magazyn-forbet-iv-ligi"],"_links":{"self":[{"href":"https:\/\/wmzpn.pl\/index.php?rest_route=\/wp\/v2\/posts\/16882","targetHints":{"allow":["GET"]}}],"collection":[{"href":"https:\/\/wmzpn.pl\/index.php?rest_route=\/wp\/v2\/posts"}],"about":[{"href":"https:\/\/wmzpn.pl\/index.php?rest_route=\/wp\/v2\/types\/post"}],"author":[{"embeddable":true,"href":"https:\/\/wmzpn.pl\/index.php?rest_route=\/wp\/v2\/users\/3"}],"replies":[{"embeddable":true,"href":"https:\/\/wmzpn.pl\/index.php?rest_route=%2Fwp%2Fv2%2Fcomments&post=16882"}],"version-history":[{"count":4,"href":"https:\/\/wmzpn.pl\/index.php?rest_route=\/wp\/v2\/posts\/16882\/revisions"}],"predecessor-version":[{"id":16887,"href":"https:\/\/wmzpn.pl\/index.php?rest_route=\/wp\/v2\/posts\/16882\/revisions\/16887"}],"wp:featuredmedia":[{"embeddable":true,"href":"https:\/\/wmzpn.pl\/index.php?rest_route=\/wp\/v2\/media\/16884"}],"wp:attachment":[{"href":"https:\/\/wmzpn.pl\/index.php?rest_route=%2Fwp%2Fv2%2Fmedia&parent=16882"}],"wp:term":[{"taxonomy":"category","embeddable":true,"href":"https:\/\/wmzpn.pl\/index.php?rest_route=%2Fwp%2Fv2%2Fcategories&post=16882"},{"taxonomy":"post_tag","embeddable":true,"href":"https:\/\/wmzpn.pl\/index.php?rest_route=%2Fwp%2Fv2%2Ftags&post=16882"}],"curies":[{"name":"wp","href":"https:\/\/api.w.org\/{rel}","templated":true}]}}