{"id":16478,"date":"2020-08-26T10:00:26","date_gmt":"2020-08-26T10:00:26","guid":{"rendered":"http:\/\/wmzpn.pl\/?p=16478"},"modified":"2020-08-26T10:01:09","modified_gmt":"2020-08-26T10:01:09","slug":"debiucik-sebastian-milanowski","status":"publish","type":"post","link":"https:\/\/wmzpn.pl\/?p=16478","title":{"rendered":"#Debiucik &#8211; Sebastian Milanowski"},"content":{"rendered":"<p>Je\u017celi my\u015bleli\u015bcie, \u017ce opr\u00f3cz wywiad\u00f3w z cyklu #OkiemPrezesa lub #Go\u015b\u0107Zawodowiec, \u017caden inny cykl wywiad\u00f3w ju\u017c wi\u0119cej nie powstanie, to&#8230; jeste\u015bcie w b\u0142\u0119dzie!<\/p>\n<p><!--more--><\/p>\n<p>Czas na kolejny nowy cykl o nazwie #Debiucik, w kt\u00f3rym to b\u0119dziemy rozmawiali z zawodnikami, kt\u00f3rzy debiutowali w seniorskich rozgrywkach na szczeblu centralnym, b\u0105d\u017a w forBET IV Lidze, czy te\u017c Klasie Okr\u0119gowej i nosz\u0105 &#8220;\u0142atk\u0119&#8221; talentu.<\/p>\n<p>Na &#8220;pierwszy ogie\u0144&#8221; poszed\u0142 <strong>Sebastian Milanowski z Olimpii Elbl\u0105g<\/strong>, kt\u00f3ry w\u0142\u0105czony jest do kadry pierwszego zespo\u0142u, a w lipcu tego roku uda\u0142o mu si\u0119 zadebiutowa\u0107 w drugoligowej ekipie. Mi\u0142ego czytania \ud83d\ude42<\/p>\n<hr \/>\n<p><strong>Jak trafi\u0142e\u015b do klubu? Czy kto\u015b nam\u00f3wi\u0142 Ci\u0119 na pierwszy trening w Olimpii?<\/strong><\/p>\n<p>Sebastian Milanowski: Maj\u0105c pi\u0119\u0107 lat wyprowadzili\u015bmy si\u0119 z rodzicami z Polski i przez osiem lat mieszkali\u015bmy w Irlandii. Na pierwszy trening nikt za bardzo mnie nie nak\u0142ania\u0142. Kiedy\u015b co prawda chodzi\u0142em z kolegami z podw\u00f3rka pogra\u0107 w pi\u0142k\u0119, ale w\u00f3wczas \u017caden z nas nie my\u015bla\u0142, \u017ceby zacz\u0105\u0107 chodzi\u0107 regularnie na treningi w klubie i stara\u0107 si\u0119 rozwija\u0107. Po powrocie do Polski mia\u0142em \u015bwiadomo\u015b\u0107, \u017ce w Elbl\u0105gu jest klub \u2013 Olimpia i sam zdecydowa\u0142em si\u0119 podj\u0105\u0107 trening\u00f3w. Zacz\u0105\u0142em trenowa\u0107 w wieku 13 lat, wi\u0119c wydaje mi si\u0119, \u017ce dosy\u0107 p\u00f3\u017ano zacz\u0105\u0142em gra\u0107 w klubie. Za granic\u0105 nie mia\u0142em takiej mo\u017cliwo\u015bci, \u017ceby trenowa\u0107 regularnie i dopiero tutaj po powrocie do kraju mog\u0142em rozpocz\u0105\u0107 treningi i sprawdzi\u0107 si\u0119 na tle innych. Z perspektywy czasu uwa\u017cam ten krok za dobry. Min\u0119\u0142o ju\u017c sze\u015b\u0107 lat od tego momentu i my\u015bl\u0119, \u017ce te treningi przynios\u0142y bardzo dobry efekt.<\/p>\n<p><strong>Kto by\u0142 zatem Twoim pierwszym trenerem?<\/strong><\/p>\n<p>Moim pierwszym trenerem by\u0142 trener Adam Albertowicz. Z tamtego okresu jednak nie pami\u0119tam zbyt wiele, poniewa\u017c min\u0119\u0142o ju\u017c troch\u0119 czasu.<\/p>\n<p><strong>A kolejni trenerzy?<\/strong><\/p>\n<p>W kolejnej kategorii wiekowej pracowa\u0142em z trenerem Karolem Przyby\u0142\u0105, kt\u00f3ry aktualnie jest trenerem czwartoligowych rezerw Olimpii. W juniorze m\u0142odszym prowadzi\u0142 nas trener W\u0142adys\u0142aw Obr\u0119bski, w rezerwach trener Szymon Waga, a nast\u0119pnie, kiedy trafi\u0142em do pierwszej dru\u017cyny to trenowa\u0142 nas trener Adam Noco\u0144. Aktualnie, jak wiadomo, wsp\u00f3\u0142pracujemy z trenerem \u0141ukaszem Kowalskim.<\/p>\n<p><strong>Od zawsze by\u0142e\u015b wystawiany na pozycji \u015brodkowego pomocnika?<\/strong><\/p>\n<p>Nie. Pocz\u0105tkowo by\u0142em wystawiany jako \u201edziewi\u0105tka\u201d lub podwieszona \u201edziewi\u0105tka\u201d, u trenera Albertowicza z kolei gra\u0142em na boku pomocy, ale dopiero u trenera Wagi, kt\u00f3ry zauwa\u017cy\u0142, \u017ce troszk\u0119 &#8220;ci\u0105gnie mnie&#8221; do \u015brodka pola i od tego czasu zacz\u0105\u0142em bardziej si\u0119 skupia\u0107 na grze w \u015brodkowej cz\u0119\u015bci boiska.<\/p>\n<p><strong>Pami\u0119tasz kiedy trafi\u0142e\u015b na treningi pierwszego zespo\u0142u?<\/strong><\/p>\n<p>Pami\u0119tam, \u017ce by\u0142em akurat w szkole, kiedy jeden z koleg\u00f3w podszed\u0142 do mnie i powiedzia\u0142, \u017ce b\u0119d\u0119 szed\u0142 na trening do \u201ejedynki\u201d, poniewa\u017c kt\u00f3ry\u015b z zawodnik\u00f3w pierwszego zespo\u0142u dozna\u0142 urazu. Dwukrotnie uczestniczy\u0142em w treningu drugoligowej dru\u017cyny i wr\u00f3ci\u0142em do trenowania z rezerwami. Po zako\u0144czeniu tamtego sezonu zosta\u0142em na sta\u0142e w\u0142\u0105czony do pierwszej dru\u017cyny Olimpii.<\/p>\n<p><img loading=\"lazy\" decoding=\"async\" class=\"alignnone size-full wp-image-16551\" src=\"http:\/\/wmzpn.pl\/wp-content\/uploads\/2020\/08\/BS72120.jpg\" alt=\"\" width=\"2234\" height=\"1486\" srcset=\"https:\/\/wmzpn.pl\/wp-content\/uploads\/2020\/08\/BS72120.jpg 2234w, https:\/\/wmzpn.pl\/wp-content\/uploads\/2020\/08\/BS72120-300x200.jpg 300w, https:\/\/wmzpn.pl\/wp-content\/uploads\/2020\/08\/BS72120-1024x681.jpg 1024w, https:\/\/wmzpn.pl\/wp-content\/uploads\/2020\/08\/BS72120-768x511.jpg 768w, https:\/\/wmzpn.pl\/wp-content\/uploads\/2020\/08\/BS72120-1536x1022.jpg 1536w, https:\/\/wmzpn.pl\/wp-content\/uploads\/2020\/08\/BS72120-2048x1362.jpg 2048w, https:\/\/wmzpn.pl\/wp-content\/uploads\/2020\/08\/BS72120-696x463.jpg 696w, https:\/\/wmzpn.pl\/wp-content\/uploads\/2020\/08\/BS72120-1068x710.jpg 1068w, https:\/\/wmzpn.pl\/wp-content\/uploads\/2020\/08\/BS72120-631x420.jpg 631w\" sizes=\"auto, (max-width: 2234px) 100vw, 2234px\" \/><\/p>\n<p><strong>Mia\u0142e\u015b robiony tzw. \u201echrzest\u201d w pierwszym zespole?<\/strong><\/p>\n<p>Nie, oby\u0142o si\u0119 bez tego typu rzeczy. Wiadomo, \u017ce na pocz\u0105tku, kiedy m\u0142ody zawodnik pojawia si\u0119 w szatni, to stara si\u0119 nie przeszkadza\u0107 nikomu, wi\u0119c siedzi si\u0119 cicho, zajmuje si\u0119 swoimi sprawami i wychodzi na boisko. W tej chwili wygl\u0105da to ju\u017c troch\u0119 inaczej, z\u0142apa\u0142em kontakt z ch\u0142opakami i czuj\u0119 si\u0119 dobrze w szatni.<\/p>\n<p><strong>Czy kt\u00f3ry\u015b z zawodnik\u00f3w wprowadza\u0142 Ci\u0119 do pierwszej dru\u017cyny, t\u0142umaczy\u0142 jakie zasady tam panuj\u0105, podpowiada\u0142 na treningach, itp.?<\/strong><\/p>\n<p>Wydaje mi si\u0119, \u017ce nie, poniewa\u017c jestem typem osoby, kt\u00f3ra sama si\u0119 takich rzeczy uczy. Na pocz\u0105tku usiad\u0142em gdzie\u015b z boku, ma\u0142o rozmawia\u0142em ze starszymi zawodnikami i stara\u0142em si\u0119 podpatrywa\u0107 kto jak si\u0119 zachowuje i stara\u0142em si\u0119 nie robi\u0107 nikomu \u017cadnych problem\u00f3w. Natomiast je\u015bli chodzi o kwestie boiskowe, to ka\u017cdy, kto dysponuje wi\u0119kszym do\u015bwiadczeniem, udziela\u0142 wskaz\u00f3wek, kt\u00f3re tylko mog\u0105 mi pom\u00f3c w rozwoju.<\/p>\n<p><strong>Jak wygl\u0105da\u0142 Tw\u00f3j debiut w dru\u017cynie seniorskiej?<\/strong><\/p>\n<p>Je\u017celi liczy\u0107 dru\u017cyn\u0119 czwartoligowych rezerw jako senior\u00f3w, to by\u0142 to mecz w\u0142a\u015bnie na tym poziomie rozgrywkowym. Nie pami\u0119tam dok\u0142adnie, z kim w\u00f3wczas grali\u015bmy. Mia\u0142o to miejsce dwa lata temu, kiedy Olimpia Elbl\u0105g zg\u0142osi\u0142a swoje rezerwy do rozgrywek.<\/p>\n<p><strong>Jak du\u017cy Twoim zdaniem jest przeskok pomi\u0119dzy IV a II lig\u0105?<\/strong><\/p>\n<p>Uwa\u017cam, \u017ce przeskok jest ogromny pod ka\u017cdym wzgl\u0119dem. W oczy najbardziej rzuca si\u0119 aspekt kondycyjny i pi\u0142karski. Druga liga jest du\u017co bardziej wymagaj\u0105ca, trzeba by\u0107 stale \u201epod pr\u0105dem\u201d. Dla mnie sporym szokiem by\u0142y w\u0142a\u015bnie te pocz\u0105tkowe mecze w II lidze. Mam nadziej\u0119, \u017ce po powrocie drugoligowych rozgrywek nie b\u0119dzie w moim przypadku tego szoku i szybko si\u0119 do nich dostosuj\u0119.<\/p>\n<p><strong>Jakie emocje towarzyszy\u0142y Ci, kiedy zadebiutowa\u0142e\u015b w spotkaniu II ligi przeciwko Pogoni Siedlce? Mocno si\u0119 stresowa\u0142e\u015b, czy raczej spokojnie do tego podchodzi\u0142e\u015b?<\/strong><\/p>\n<p>Podczas rozgrzewki, kiedy mia\u0142o si\u0119 \u015bwiadomo\u015b\u0107, \u017ce mog\u0119 zaraz wej\u015b\u0107 na boisko, mia\u0142em wi\u0119kszy stres. Ma si\u0119 w g\u0142owie du\u017co my\u015bli, co si\u0119 stanie, kiedy co\u015b zawalisz, stracisz pi\u0142k\u0119, a rywal strzeli bramk\u0119. Wszed\u0142em akurat przy wyniku 1:0, kt\u00f3ry uda\u0142o nam si\u0119 utrzyma\u0107. Gdy wyszed\u0142em na boisko, natychmiast o takich z\u0142ych my\u015blach zapomnia\u0142em i w g\u0142owie mia\u0142em jedynie to, jak pom\u00f3c dru\u017cynie.<\/p>\n<p><strong>W pierwszym sk\u0142adzie Olimpii Elbl\u0105g w II lidze debiutowa\u0142e\u015b w spotkaniu ze Skr\u0105 Cz\u0119stochowa. Kiedy dowiedzia\u0142e\u015b si\u0119 o tym, \u017ce zagrasz w tym meczu od pierwszej minuty? Jak w\u00f3wczas do tego pochodzi\u0142e\u015b? Jest to niew\u0105tpliwie r\u00f3\u017cnica, kiedy wychodzisz w pierwszej jedenastce, a kiedy wchodzisz z \u0142awki&#8230;<\/strong><\/p>\n<p>O tym, jaki sk\u0142ad wyst\u0105pi w meczu dowiadujemy si\u0119 zwykle kilka dni przed spotkaniem. Mo\u017cna to pozna\u0107 po tym, jakie za\u0142o\u017cenia taktyczne s\u0105 przedstawiane przez trenera oraz po gierkach treningowych. W moim przypadku przygotowania do tego meczu wygl\u0105da\u0142y tak, jak zawsze. Nie by\u0142o takich my\u015bli, \u017ce to jest m\u00f3j debiut w pierwszym sk\u0142adzie i musz\u0119 jako\u015b do tego wszystkiego podej\u015b\u0107 inaczej i nie stara\u0142em si\u0119 szuka\u0107 innego sposobu, ni\u017c tego, co zwykle. Po prostu podszed\u0142em do tego meczu tak, jak do innych spotka\u0144. Jest mecz, wi\u0119c trzeba si\u0119 maksymalnie skupi\u0107 nad nim. Nie jestem tak\u0105 osob\u0105, kt\u00f3ra przed meczem nikogo nie s\u0142ucha, zak\u0142ada s\u0142uchawki na uszy i si\u0119 nie odzywa. Kiedy wchodz\u0119 na boisko, mam \u015bwiadomo\u015b\u0107, \u017ce jest praca do wykonania i daj\u0119 z siebie wszystko.<\/p>\n<p><img loading=\"lazy\" decoding=\"async\" class=\"alignnone size-full wp-image-16550\" src=\"http:\/\/wmzpn.pl\/wp-content\/uploads\/2020\/08\/BS70125.jpg\" alt=\"\" width=\"2234\" height=\"1486\" srcset=\"https:\/\/wmzpn.pl\/wp-content\/uploads\/2020\/08\/BS70125.jpg 2234w, https:\/\/wmzpn.pl\/wp-content\/uploads\/2020\/08\/BS70125-300x200.jpg 300w, https:\/\/wmzpn.pl\/wp-content\/uploads\/2020\/08\/BS70125-1024x681.jpg 1024w, https:\/\/wmzpn.pl\/wp-content\/uploads\/2020\/08\/BS70125-768x511.jpg 768w, https:\/\/wmzpn.pl\/wp-content\/uploads\/2020\/08\/BS70125-1536x1022.jpg 1536w, https:\/\/wmzpn.pl\/wp-content\/uploads\/2020\/08\/BS70125-2048x1362.jpg 2048w, https:\/\/wmzpn.pl\/wp-content\/uploads\/2020\/08\/BS70125-696x463.jpg 696w, https:\/\/wmzpn.pl\/wp-content\/uploads\/2020\/08\/BS70125-1068x710.jpg 1068w, https:\/\/wmzpn.pl\/wp-content\/uploads\/2020\/08\/BS70125-631x420.jpg 631w\" sizes=\"auto, (max-width: 2234px) 100vw, 2234px\" \/><\/p>\n<p><strong>Czy trener \u0141ukasz Kowalski, kt\u00f3ry prowadzi pierwszy zesp\u00f3\u0142, nakre\u015bli\u0142 Wam ju\u017c cele na ten sezon?<\/strong><\/p>\n<p>Jak dot\u0105d nie rozmawiali\u015bmy o takich rzeczach. Skupiamy si\u0119 najpierw na meczu pucharowym*, a po nim b\u0119dziemy rozmawiali o dalszym planie na ten sezon.<\/p>\n<p><strong>A czy Ty wyznaczasz sobie jakie\u015b cele indywidualne na ten sezon, czy mo\u017ce na najbli\u017csze miesi\u0105ce, tygodnie, dni?<\/strong><\/p>\n<p>Chcia\u0142bym \u201e\u0142apa\u0107\u201d jak najwi\u0119cej minut na boisku, tak jak by\u0142o to w ko\u0144c\u00f3wce poprzedniego sezonu. By\u0142o to bardzo fajne do\u015bwiadczenie. Ka\u017cdy chcia\u0142by gra\u0107 jak najwi\u0119cej, wi\u0119c nikt za darmo miejsca na boisku mi nie odda, ani nikt nie jest w stanie zagwarantowa\u0107 mi tego, \u017ce b\u0119d\u0119 gra\u0142. Musz\u0119 sam udowodni\u0107 swoj\u0105 warto\u015b\u0107 i \u017ce zas\u0142uguj\u0119 na kolejne wyst\u0119py.<\/p>\n<p><strong>Co jest Twoim pi\u0142karskim marzeniem?<\/strong><\/p>\n<p>Pewnie jak dla ka\u017cdego zawodnika marzeniem s\u0105 wyst\u0119py w Reprezentacji Polski, to jest oczywiste. Czy uda mi si\u0119 je zrealizowa\u0107? Czas poka\u017ce. Najpierw skupiam si\u0119 na tym, co jest teraz, co b\u0119dzie jutro, pojutrze.<\/p>\n<p><strong>Czy masz jaki\u015b ulubiony klub zagraniczny?<\/strong><\/p>\n<p>Troch\u0119 wstyd si\u0119 przyzna\u0107 po \u0107wier\u0107finale Ligi Mistrz\u00f3w, ale jest to FC Barcelona (\u015bmiech).<\/p>\n<p><strong>A kto jest Twoim wzorem do na\u015bladowania, idolem, ulubionym zawodnikiem i dlaczego jest to Sebastian Mila?<\/strong><\/p>\n<p>Jakby\u015b z nim przeprowadzi\u0142 wywiad, to my\u015bl\u0119, \u017ce by\u0142oby ciekawie (\u015bmiech). Z m\u0142odszego pokolenia jest to Frenkie de Jong. Koledzy \u015bmiej\u0105 si\u0119, \u017ce przypominam go troch\u0119 z wygl\u0105du (\u015bmiech). To w\u0142a\u015bnie na nim si\u0119 wzoruje. Podoba mi si\u0119 jego gra, ma taki \u201eluz\u201d.<\/p>\n<p><strong>Uwa\u017casz go za najlepszego \u015brodkowego pomocnika na \u015bwiecie?<\/strong><\/p>\n<p>Je\u017celi chodzi o pozycj\u0119, do kt\u00f3rej mi najbli\u017cej, to jest to Kevin de Bruyne. Wszyscy doskonale wiemy, jak on gra, jednak w moim ulubionym klubie jest nim w\u0142a\u015bnie Frenkie de Jong.<\/p>\n<p><strong>Dzi\u0119kuj\u0119 Ci za rozmow\u0119.<\/strong><\/p>\n<p>Dzi\u0119ki wielkie.<\/p>\n<p><em><strong>Rozmawia\u0142:<\/strong> Mariusz Bojarowski<br \/>\nfot. Marek Lewandowski<br \/>\n<\/em><\/p>\n<p>* rozmowa odby\u0142a si\u0119 19.08.2020, a wi\u0119c przed meczem Pucharu Polski Chojniczanka Chojnice &#8211; Olimpia Elbl\u0105g<\/p>\n","protected":false},"excerpt":{"rendered":"<p>Je\u017celi my\u015bleli\u015bcie, \u017ce opr\u00f3cz wywiad\u00f3w z cyklu #OkiemPrezesa lub #Go\u015b\u0107Zawodowiec, \u017caden inny cykl wywiad\u00f3w ju\u017c wi\u0119cej nie powstanie, to&#8230; jeste\u015bcie w b\u0142\u0119dzie!<\/p>\n","protected":false},"author":3,"featured_media":16549,"comment_status":"open","ping_status":"open","sticky":false,"template":"","format":"standard","meta":{"footnotes":""},"categories":[184,26],"tags":[],"class_list":["post-16478","post","type-post","status-publish","format-standard","has-post-thumbnail","hentry","category-debiucik","category-zwiazek-news"],"_links":{"self":[{"href":"https:\/\/wmzpn.pl\/index.php?rest_route=\/wp\/v2\/posts\/16478","targetHints":{"allow":["GET"]}}],"collection":[{"href":"https:\/\/wmzpn.pl\/index.php?rest_route=\/wp\/v2\/posts"}],"about":[{"href":"https:\/\/wmzpn.pl\/index.php?rest_route=\/wp\/v2\/types\/post"}],"author":[{"embeddable":true,"href":"https:\/\/wmzpn.pl\/index.php?rest_route=\/wp\/v2\/users\/3"}],"replies":[{"embeddable":true,"href":"https:\/\/wmzpn.pl\/index.php?rest_route=%2Fwp%2Fv2%2Fcomments&post=16478"}],"version-history":[{"count":6,"href":"https:\/\/wmzpn.pl\/index.php?rest_route=\/wp\/v2\/posts\/16478\/revisions"}],"predecessor-version":[{"id":16553,"href":"https:\/\/wmzpn.pl\/index.php?rest_route=\/wp\/v2\/posts\/16478\/revisions\/16553"}],"wp:featuredmedia":[{"embeddable":true,"href":"https:\/\/wmzpn.pl\/index.php?rest_route=\/wp\/v2\/media\/16549"}],"wp:attachment":[{"href":"https:\/\/wmzpn.pl\/index.php?rest_route=%2Fwp%2Fv2%2Fmedia&parent=16478"}],"wp:term":[{"taxonomy":"category","embeddable":true,"href":"https:\/\/wmzpn.pl\/index.php?rest_route=%2Fwp%2Fv2%2Fcategories&post=16478"},{"taxonomy":"post_tag","embeddable":true,"href":"https:\/\/wmzpn.pl\/index.php?rest_route=%2Fwp%2Fv2%2Ftags&post=16478"}],"curies":[{"name":"wp","href":"https:\/\/api.w.org\/{rel}","templated":true}]}}