{"id":16306,"date":"2020-08-12T13:38:09","date_gmt":"2020-08-12T13:38:09","guid":{"rendered":"http:\/\/wmzpn.pl\/?p=16306"},"modified":"2020-09-02T09:59:39","modified_gmt":"2020-09-02T09:59:39","slug":"okiem-prezesa-tadeusz-ciborski","status":"publish","type":"post","link":"https:\/\/wmzpn.pl\/?p=16306","title":{"rendered":"#OkiemPrezesa &#8211; Tadeusz Ciborski"},"content":{"rendered":"<p>Rozpoczynamy cykl wywiad\u00f3w z osobami piastuj\u0105cymi stanowisko Prezesa w klubach z lig od Klasy Okr\u0119gowej do B Klasy. Kiedy zastanawiali\u015bmy si\u0119 nad tym, od wywiadu z kt\u00f3rym Prezesem nale\u017ca\u0142oby rozpocz\u0105\u0107 ten cykl, niemal\u017ce jednog\u0142o\u015bnie wskazali\u015bmy <strong>Tadeusza Ciborskiego<\/strong>, czyli <strong>Prezesa V\u0119gorii W\u0119gorzewo<\/strong>. I to w\u0142a\u015bnie z nim porozmawiali\u015bmy o aktualnej sytuacji w klubie, o wsp\u00f3\u0142pracy z innymi organami i osobami, czy o celach na sezon. Zapraszamy do lektury!<\/p>\n<p><strong>Od kiedy pe\u0142ni Pan rol\u0119 Prezesa V\u0119gorii?<\/strong><\/p>\n<p>Rol\u0119 Prezesa pe\u0142ni\u0119 od 7 grudnia 2016 r. Kiedy przejmowa\u0142em stery w klubie, nie mia\u0142em wiedzy na temat jaka jest jego sytuacja finansowa, jak realizowane s\u0105 zadania. Co prawda wcze\u015bniej wspomaga\u0142em klub poprzez pe\u0142nienie r\u00f3\u017cnych funkcji spo\u0142ecznych, m.in. Przewodnicz\u0105cego Rady Miejskiej, ale nie mia\u0142em bie\u017c\u0105cej informacji na temat kondycji finansowej V\u0119gorii. Kiedy zapozna\u0142em si\u0119 z ni\u0105, troszk\u0119 si\u0119 przestraszy\u0142em. Prawd\u0119 m\u00f3wi\u0105c zosta\u0142em \u015bci\u0105gni\u0119ty z emerytury i na pocz\u0105tku nie by\u0142em przekonany do tego, by obj\u0105\u0107 stanowisko Prezesa klubu, ale po kilku spotkaniach z decydentami jednak postanowi\u0142em podj\u0105\u0107 si\u0119 tej misji. Sytuacja organizacyjna i finansowa wymaga\u0142a zdecydowanej naprawy, co by\u0142o dla mnie sporym wyzwaniem. Musia\u0142em zastanowi\u0107 si\u0119 nad wieloma aspektami, jakie nale\u017cy podj\u0105\u0107 dzia\u0142ania, by klub m\u00f3g\u0142 funkcjonowa\u0107. Kosztowa\u0142o mnie to wiele nieprzespanych nocy. Szuka\u0142em rozwi\u0105za\u0144, jak zmniejszy\u0107 koszty funkcjonowania i jednocze\u015bnie jak zwi\u0119kszy\u0107 przychody, bo z samych dotacji klub nie jest w stanie si\u0119 utrzyma\u0107. Pomocne okaza\u0142o si\u0119 wsparcie przyjaci\u00f3\u0142, a przede wszystkim Mariusza Niedzi\u00f3\u0142ki, dyrektora OSiR-u i jego wsp\u00f3\u0142pracownik\u00f3w. Mariusz podj\u0105\u0142 si\u0119 koordynowania-zarz\u0105dzania sekcj\u0105 pi\u0142karsk\u0105. OSiR udost\u0119pnia nam baz\u0119 treningowo \u2013 szkoleniow\u0105 zgodnie z naszymi potrzebami. Podobnie sprawa ma si\u0119 z naszym lokalnym samorz\u0105dem oraz wojskiem, z kt\u00f3rymi wsp\u00f3\u0142pracuje si\u0119 bez zarzutu.<\/p>\n<p><strong>Jest Pan zadowolony z podj\u0119tej decyzji o obj\u0119ciu stanowiska Prezesa?<\/strong><\/p>\n<p>Trudne pytanie. Gdybym wcze\u015bniej by\u0142 \u015bwiadomy tego, jakie czeka mnie wyzwanie, co b\u0119d\u0119 musia\u0142 reorganizowa\u0107 i ile czasu to poch\u0142onie, to na pewno tego bym si\u0119 nie podj\u0105\u0142. Jako\u015b jednak uda\u0142o mi si\u0119 to wszystko pouk\u0142ada\u0107, klub funkcjonuje sprawnie, wyposa\u017cony jest te\u017c w niezb\u0119dny sprz\u0119t.<\/p>\n<p><strong>Jak przebiega Wasza wsp\u00f3\u0142praca z samorz\u0105dem i innymi organami?<\/strong><\/p>\n<p>Mamy wsparcie w przyjacio\u0142ach z Gminy W\u0119gorzewo w postaci obecnego Burmistrza Krzysztofa Ko\u0142aszewskiego, czy poprzedniego Krzysztofa Piwowarczyka, w radnych, wspiera nas tak\u017ce miejscowa jednostka wojskowa, w s\u0142u\u017cbie kt\u00f3rej jest ponad 1500 \u017co\u0142nierzy. Mamy tak\u017ce nasze spo\u0142eczno\u015bci, by\u0142ych pi\u0142karzy, dzia\u0142aczy, sympatyk\u00f3w, z kt\u00f3rymi utrzymujemy kontakt. Najwa\u017cniejsze jest to, \u017ce wszystkie nasze dru\u017cyny s\u0105 zabezpieczone finansowo. Trenerzy, kt\u00f3rzy przyje\u017cd\u017caj\u0105 do nas na obozy sportowe i widz\u0105 nasz\u0105 baz\u0119 treningow\u0105 oraz jej wyposa\u017cenie, s\u0105 ni\u0105 zachwyceni. Zreszt\u0105 nie tylko oni, poniewa\u017c nawet osoby certyfikuj\u0105ce nasz\u0105 Szk\u00f3\u0142k\u0119 Pi\u0142karsk\u0105 podkre\u015bla\u0142y, \u017ce mamy \u015bwietne warunki do trenowania oraz wyposa\u017cenie sprz\u0119towe. Na to wszystko jednak trzeba by\u0142o zapracowa\u0107. Nale\u017cy tak\u017ce wspomnie\u0107 o wsp\u00f3\u0142pracy z WMZPN, kt\u00f3ra przebiega bez zarzutu. Zawsze, kiedy o co\u015b pyta\u0142em, zwracano si\u0119 do mnie z \u017cyczliwo\u015bci\u0105 i szacunkiem, wi\u0119c nie mog\u0119 z\u0142ego s\u0142owa powiedzie\u0107.<\/p>\n<p><strong>Ile macie w klubie pi\u0142karskich dru\u017cyn m\u0142odzie\u017cowych?<\/strong><\/p>\n<p>Takich grup pi\u0142karskich mamy siedem. Trenuje w nich ponad setka m\u0142odzie\u017cy. Seniorska grupa z kolei liczy oko\u0142o 30 os\u00f3b.<\/p>\n<p><strong>Czy klub ma tak\u017ce inne sekcje, pr\u00f3cz pi\u0142karskiej?<\/strong><\/p>\n<p>Tak, opr\u00f3cz sekcji pi\u0142ki no\u017cnej mamy sekcj\u0119 szachow\u0105, licz\u0105c\u0105 ok. 25-35 os\u00f3b. Tutaj prym wiedzie szko\u0142a w Radziejach, gdzie pracuje nauczyciel, kt\u00f3ry lubi szachy i uczy szach\u00f3w. Organizujemy turnieje szachowe: lokalne, regionalne, a tak\u017ce wojew\u00f3dzkie. Ponadto mamy te\u017c sekcj\u0119 MMA (Sztuki Walki), kt\u00f3ra funkcjonuje od paru lat i ma wiele sukces\u00f3w krajowych, a tak\u017ce mi\u0119dzynarodowych. Na zaj\u0119cia ucz\u0119szcza ok. 30 os\u00f3b. To s\u0105 takie trzy wiod\u0105ce sekcje.<\/p>\n<p><strong>Sk\u0105d pozyskujecie fundusze niezb\u0119dne do funkcjonowania klubu?<\/strong><\/p>\n<p>Aby klub funkcjonowa\u0142 w obecnym kszta\u0142cie, z wieloma grupami m\u0142odzie\u017cowymi sekcji pi\u0142karskiej, potrzebne s\u0105 nak\u0142ady finansowe w okolicach \u0107wier\u0107 miliona z\u0142otych rocznie. Zanim trafi\u0142em do klubu, V\u0119goria otrzymywa\u0142a pieni\u0105dze praktycznie tylko z bud\u017cetu Gminy W\u0119gorzewo. Trzeba by\u0142o zatem rozejrze\u0107 si\u0119 za potencjalnymi sponsorami, kt\u00f3rzy &#8220;podreperowaliby&#8221; nasz bud\u017cet. Uruchomi\u0142em swoje dawne kontakty i po wielu spotkaniach i rozmowach uda\u0142o mi si\u0119 przekona\u0107 kilku sponsor\u00f3w, kt\u00f3rzy bardzo nas wspomagaj\u0105. Ci nieco \u201ewi\u0119ksi\u201d s\u0105 spoza naszego wojew\u00f3dztwa, ale r\u00f3wnie\u017c mamy kilku lokalnych sponsor\u00f3w, kt\u00f3rzy wspieraj\u0105 nas najcz\u0119\u015bciej na zasadzie barteru. Przez takie poszukiwania zmniejszyli\u015bmy swoje wydatki i dzi\u0119ki temu zniwelowali\u015bmy dziur\u0119 bud\u017cetow\u0105 praktycznie po roku.<\/p>\n<p><strong>Bardzo dobrze s\u0142ysze\u0107 takie informacje, poniewa\u017c w barwach V\u0119gorii wychowywali si\u0119 m.in. bracia Kun.<\/strong><\/p>\n<p>Tak, dok\u0142adnie. Dominik gra w Sandecji Nowy S\u0105cz, a Patryk w Rakowie Cz\u0119stochowa. Oczywi\u015bcie mamy z nimi kontakt. Pod koniec roku robimy turniej dla naszych by\u0142ych zawodnik\u00f3w. Mamy te\u017c Arka Mroczkowskiego, kt\u00f3ry aktualnie gra w Niemczech. Przyje\u017cd\u017caj\u0105 tak\u017ce inni byli zawodnicy naszego klubu i taki turniej co roku jest rozgrywany. Niedawno brali\u015bmy udzia\u0142 w turnieju w Kruklankach, zorganizowany wraz ze Startem Kruklanki, na cze\u015b\u0107 jednego z naszych by\u0142ych zawodnik\u00f3w, kt\u00f3ry zmar\u0142 trzy lata temu. Przez kilka lat wykszta\u0142ci\u0142a si\u0119 grupa zawodnik\u00f3w, kt\u00f3rzy niegdy\u015b grali w naszych barwach. Je\u017celi chodzi o nasz\u0105 m\u0142odzie\u017c to niedawno do I lig wojew\u00f3dzkich w swoich kategoriach wiekowych awansowali juniorzy m\u0142odsi i m\u0142odzicy. Niestety nasi juniorzy b\u0119d\u0105 kontynuowali gr\u0119 w II lidze wojew\u00f3dzkiej, ze wzgl\u0119du na wy\u017csze koszty, zwi\u0105zane np. z transportem. Nale\u017cy jednak pami\u0119ta\u0107, \u017ce za wszystkimi sukcesami stoi ca\u0142y sztab ludzi, m.in. z OSiR-u, Zarz\u0105du, woluntariusze i inni, kt\u00f3rzy nas wspomagaj\u0105.<\/p>\n<p><strong>Czy w ostatnim czasie podejmowane by\u0142y jeszcze jakie\u015b inne dzia\u0142ania?<\/strong><\/p>\n<p>Tak, przyk\u0142adowo kiedy zepsu\u0142a si\u0119 nam pralka, og\u0142osili\u015bmy, \u017ce chcemy kupi\u0107 now\u0105. W tym przypadku pomys\u0142owo\u015bci\u0105 wykaza\u0142 si\u0119 nasz Wiceprezes \u2013 Kamil Ha\u0142uszko, kt\u00f3ry w internecie utworzy\u0142 zbi\u00f3rk\u0119, dzi\u0119ki kt\u00f3rej w przeci\u0105gu tygodnia uda\u0142o nam si\u0119 zebra\u0107 wi\u0119cej pieni\u0119dzy na pralk\u0119, ni\u017c trzeba by\u0142o! Rok temu zmar\u0142 jeden z naszych kibic\u00f3w, kt\u00f3ry pomaga\u0142 nam w przygotowaniach do mecz\u00f3w i ca\u0142y czas by\u0142 z nami. Powsta\u0142a zatem inicjatywa, \u017ceby ku jego pami\u0119ci postawi\u0107 pomnik. Utworzono sk\u0142adk\u0119, klub tak\u017ce si\u0119 do niej do\u0142o\u017cy\u0142 i pomnik ju\u017c zosta\u0142 ustawiony na grobie. Uwa\u017cam, \u017ce bardzo dobrze wychodz\u0105 nam dzia\u0142ania marketingowe. Bardzo cieszymy si\u0119, \u017ce nasze dzia\u0142ania zosta\u0142y dostrze\u017cone przez zwi\u0105zek, poniewa\u017c dwa razy z rz\u0119du byli\u015bmy nominowani podczas gali WMZPN w kategorii Marketing Roku. Dokonali\u015bmy zakupu kamery, przez co mo\u017cemy nagrywa\u0107 spotkania i publikowa\u0107 je w internecie. Tak\u017ce robimy zdj\u0119cia podczas mecz\u00f3w. Ka\u017cda grupa ma tak\u017ce utworzony fanpage na Facebooku, przeznaczony dla swoich sympatyk\u00f3w, rodzic\u00f3w, opiekun\u00f3w, trener\u00f3w. Kiedy organizujemy, turnieje, mistrzostwa kategorii m\u0142odzie\u017cowych, np. \u201eOrlik\u201d to zaanga\u017cowani w jego przebieg s\u0105 r\u00f3wnie\u017c rodzice-opiekunowie, kt\u00f3rzy zapewniali ciep\u0142e napoje oraz posi\u0142ek. Je\u015bli rzucimy jakie\u015b has\u0142o, \u017ce przyda\u0142oby si\u0119 to czy co\u015b innego, oni niemal\u017ce prze\u015bcigaj\u0105 si\u0119 w pomys\u0142ach i s\u0105 bardzo ch\u0119tni, by jakkolwiek wspom\u00f3c klub. My z kolei staramy si\u0119 w jakim\u015b stopniu podzi\u0119kowa\u0107 im za to, co robi\u0105. Na koniec roku szkolnego organizujemy spotkanie integracyjne dla dzieci i rodzic\u00f3w, kt\u00f3rzy tak\u017ce bior\u0105 udzia\u0142 w r\u00f3\u017cnego rodzaju zawodach. Dwa lata temu, ka\u017cde dziecko otrzyma\u0142o pi\u0142k\u0119, kt\u00f3re zakupi\u0142 nam sponsor, niewa\u017cne czy nale\u017ca\u0142o do klubu czy nie, to je\u017celi by\u0142o w tym momencie na stadionie, tak\u0105 pi\u0142k\u0119 otrzyma\u0142o. Rok temu dzieci otrzyma\u0142y plecaki z logo V\u0119gorii i Gminy W\u0119gorzewo. W tym roku pandemia pokrzy\u017cowa\u0142a wszystkim plany i przestali\u015bmy trenowa\u0107. Pomy\u015bla\u0142em, \u017ce przyda\u0142oby si\u0119 co\u015b zrobi\u0107 w tym temacie, wi\u0119c zakupili\u015bmy bandany\/kominy z naszym logo, logo Gminy i pi\u0142karzem, kt\u00f3re otrzymali wszyscy nasi zawodnicy od skrzata do seniora, oraz dzia\u0142acze i sympatycy klub. Mo\u017cna je nosi\u0107 zamiast maseczki, s\u0105 bardzo praktyczne.<\/p>\n<p><strong>To bardzo fajna sprawa, \u017ce m\u0142ody zawodnik mo\u017ce identyfikowa\u0107 si\u0119 z klubem.<\/strong><\/p>\n<p>Oczywi\u015bcie, ale to nie tylko dotyczy m\u0142odych pi\u0142karzy. Kiedy wie\u015b\u0107 o tym si\u0119 roznios\u0142a, wiele os\u00f3b zaczepia\u0142o mnie i prosi\u0142o, \u017cebym \u201eza\u0142atwi\u0142\u201d dla nich takie kominy. Dzi\u0119ki temu V\u0119goria jest bardziej \u201ewidoczna\u201d. W ubieg\u0142ym roku, kiedy obchodzili\u015bmy siedemdziesi\u0119ciolecie istnienia klubu, wydali\u015bmy ksi\u0105\u017ck\u0119 pt. \u201ePi\u0142karskie wspomnienia V\u0119gorii\u201d. Nasz kolega sekretarz Antoni Taraur jest kronikarzem, a kiedy\u015b by\u0142 zawodnikiem, zbiera\u0142 r\u00f3\u017cne notatki, kt\u00f3re uzupe\u0142nia\u0142 wycinkami z gazet i dzi\u0119ki temu mogli\u015bmy wyda\u0107 tak\u0105 monografi\u0119. S\u0105 w niej wyszczeg\u00f3lnione nasze sukcesy wszystkich sekcji. Nasza grupa \u201eOrlik\u00f3w\u201d w zesz\u0142ym roku zosta\u0142a mistrzem wojew\u00f3dztwa na trawie i w hali. Dwa lata temu \u201eOrliki\u201d bra\u0142y udzia\u0142 w mi\u0119dzynarodowym turnieju \u201eZakopane CUP\u201d, kt\u00f3ry wygra\u0142a w swojej grupie wiekowej. Uczestniczymy te\u017c w turniejach z cyklu \u201eOstr\u00f3da CUP\u201d czy w turnieju w Dobrym Mie\u015bcie. Ale te\u017c jest to wielka zas\u0142uga rodzic\u00f3w oraz sponsor\u00f3w. Kolejnym sporym sukcesem jest otrzymanie przez nasz\u0105 szk\u00f3\u0142k\u0119 Br\u0105zowego Certyfikatu PZPN. To troch\u0119 ukierunkowa\u0142o nasze dzia\u0142ania, na zwi\u0119kszenie ilo\u015bci trening\u00f3w i podniesienie poziomu szkolenia. W wyniku otrzymania tego certyfikatu z\u0142o\u017cyli\u015bmy wniosek o dofinansowanie. Otrzymali\u015bmy dosy\u0107 spor\u0105 kwot\u0119 pieni\u0119dzy, dzi\u0119ki kt\u00f3rej zwi\u0119kszyli\u015bmy liczb\u0119 trening\u00f3w grupom dzieci\u0119cym i m\u0142odzie\u017cowym, a i samo szkolenie uleg\u0142o poprawie. W zwi\u0105zku z tym, \u017ce utworzone zosta\u0142y kolejne dru\u017cyny m\u0142odzie\u017cowe, mamy wi\u0119cej wyjazd\u00f3w i ponoszone s\u0105 wi\u0119ksze koszty zwi\u0105zane z organizowaniem wyjazd\u00f3w na mecz. Cz\u0119\u015b\u0107 sumy przeznaczona jest na szkolenie dla trener\u00f3w, poniewa\u017c w naszym regionie niestety mamy ma\u0142o trener\u00f3w z odpowiednimi uprawnieniami, co jest nasz\u0105 bol\u0105czk\u0105. Oczywi\u015bcie ci, kt\u00f3rzy s\u0105 trenerami w naszym klubie maj\u0105 stosowne uprawnienia, jednak w przypadku niemo\u017cno\u015bci pojawienia si\u0119 na nim, nie ma odpowiedniego zast\u0119pstwa. Kilku trener\u00f3w musi doje\u017cd\u017ca\u0107 z Gi\u017cycka czy Wydmin, poniewa\u017c ci z okolic s\u0105 ju\u017c zaj\u0119ci i prowadz\u0105 inne zespo\u0142y.<\/p>\n<p><strong>Po wybuchu epidemii na \u015bwiecie, Rz\u0105d wprowadzi\u0142 wiele obostrze\u0144 dotycz\u0105cych m.in. uprawiania pi\u0142ki no\u017cnej, trenowania w grupach, itp. Jak wy, jako klub, radzili\u015bcie sobie w czasie, kiedy te obostrzenia by\u0142y najbardziej restrykcyjne?<\/strong><\/p>\n<p>Ta pandemia by\u0142a wielkim zaskoczeniem, nie tylko dla nas, ale chyba dla wszystkich. Zgodnie z wytycznymi w po\u0142owie marca zawiesili\u015bmy treningi we wszystkich grupach i cierpliwie czekali\u015bmy na dalsze decyzje. Nasi trenerzy, rodzice i zawodnicy wykazywali si\u0119 kreatywno\u015bci\u0105, przyk\u0142adowo robi\u0105c \u017conglerk\u0119 zwyk\u0142\u0105 pi\u0142k\u0105 lub\u2026 rolk\u0105 papieru toaletowego. Te wyczyny publikowali\u015bmy na fanpage\u2019ach poszczeg\u00f3lnych grup. W ten spos\u00f3b zwi\u0119kszono aktywno\u015b\u0107 fizyczn\u0105 m\u0142odych graczy. Kiedy tylko by\u0142o mo\u017cna rozpoczyna\u0107 trenowanie w mniejszych grupach, natychmiastowo to czynili\u015bmy, oczywi\u015bcie wszystko zgodnie z zasadami bezpiecze\u0144stwa epidemiologicznego, zabezpieczaj\u0105c \u015brodki dezynfekcyjne, robi\u0105c przerwy mi\u0119dzy jednymi zaj\u0119ciami a drugimi.<\/p>\n<p><strong>Chcia\u0142em zapyta\u0107 jeszcze o cele postawione przed seniorsk\u0105 ekip\u0105 na ten sezon, kt\u00f3ry rozpocz\u0119li\u015bcie dosy\u0107 nieudanie, bo od pora\u017cki z SKS Szczytno.<\/strong><\/p>\n<p>Z przebiegu gry mo\u017cna by\u0142o wywnioskowa\u0107, \u017ce prowadzili\u015bmy gr\u0119 i mieli\u015bmy przewag\u0119 nad rywalem, ale liczy si\u0119 to, co w \u201esieci\u201d. Ostatnie notowania zespo\u0142u ze Szczytna by\u0142y s\u0142abiutkie. No c\u00f3\u017c, gra polega na tym, \u017ce raz si\u0119 wygrywa, raz przegrywa, dlatego jest tak ciekawa. Odno\u015bnie cel\u00f3w: utrzymanie si\u0119 w klasie okr\u0119gowej. Nie wywieramy ci\u015bnienia, by awansowa\u0107 do wy\u017cszej ligi. Zwi\u0119kszy\u0142yby si\u0119 koszty wyjazd\u00f3w, kt\u00f3re i tak s\u0105 ju\u017c wysokie, albowiem czeka\u0142yby nas dalsze wyjazdy, zwi\u0119kszy\u0142yby si\u0119 tak\u017ce r\u00f3\u017cnego rodzaju op\u0142aty. Kilka lat temu byli\u015bmy w III czy IV lidze, jednak to finansowanie klubu r\u00f3\u017cni\u0142o si\u0119 w\u00f3wczas od tego obecnego. Stawiamy na sportowe wychowanie dzieci i m\u0142odzie\u017cy. Niewykluczone, \u017ce b\u0119dziemy w przysz\u0142o\u015bci starali si\u0119 wypracowa\u0107 pewne rozwi\u0105zanie i czerpa\u0107 z tego korzy\u015bci, poprzez transferowanie zawodnik\u00f3w do innych klub\u00f3w.<\/p>\n<p><em><strong>Rozmawia\u0142:<\/strong> Mariusz Bojarowski<\/em><\/p>\n","protected":false},"excerpt":{"rendered":"<p>Rozpoczynamy cykl wywiad\u00f3w z osobami piastuj\u0105cymi stanowisko Prezesa w klubach z lig od Klasy Okr\u0119gowej do B Klasy. Kiedy zastanawiali\u015bmy si\u0119 nad tym, od wywiadu z kt\u00f3rym Prezesem nale\u017ca\u0142oby rozpocz\u0105\u0107 ten cykl, niemal\u017ce jednog\u0142o\u015bnie wskazali\u015bmy Tadeusza Ciborskiego, czyli Prezesa V\u0119gorii W\u0119gorzewo. I to w\u0142a\u015bnie z nim porozmawiali\u015bmy o aktualnej sytuacji w klubie, o wsp\u00f3\u0142pracy z [&hellip;]<\/p>\n","protected":false},"author":3,"featured_media":16310,"comment_status":"open","ping_status":"open","sticky":false,"template":"","format":"standard","meta":{"footnotes":""},"categories":[185,26],"tags":[],"class_list":["post-16306","post","type-post","status-publish","format-standard","has-post-thumbnail","hentry","category-okiemprezesa","category-zwiazek-news"],"_links":{"self":[{"href":"https:\/\/wmzpn.pl\/index.php?rest_route=\/wp\/v2\/posts\/16306","targetHints":{"allow":["GET"]}}],"collection":[{"href":"https:\/\/wmzpn.pl\/index.php?rest_route=\/wp\/v2\/posts"}],"about":[{"href":"https:\/\/wmzpn.pl\/index.php?rest_route=\/wp\/v2\/types\/post"}],"author":[{"embeddable":true,"href":"https:\/\/wmzpn.pl\/index.php?rest_route=\/wp\/v2\/users\/3"}],"replies":[{"embeddable":true,"href":"https:\/\/wmzpn.pl\/index.php?rest_route=%2Fwp%2Fv2%2Fcomments&post=16306"}],"version-history":[{"count":11,"href":"https:\/\/wmzpn.pl\/index.php?rest_route=\/wp\/v2\/posts\/16306\/revisions"}],"predecessor-version":[{"id":16324,"href":"https:\/\/wmzpn.pl\/index.php?rest_route=\/wp\/v2\/posts\/16306\/revisions\/16324"}],"wp:featuredmedia":[{"embeddable":true,"href":"https:\/\/wmzpn.pl\/index.php?rest_route=\/wp\/v2\/media\/16310"}],"wp:attachment":[{"href":"https:\/\/wmzpn.pl\/index.php?rest_route=%2Fwp%2Fv2%2Fmedia&parent=16306"}],"wp:term":[{"taxonomy":"category","embeddable":true,"href":"https:\/\/wmzpn.pl\/index.php?rest_route=%2Fwp%2Fv2%2Fcategories&post=16306"},{"taxonomy":"post_tag","embeddable":true,"href":"https:\/\/wmzpn.pl\/index.php?rest_route=%2Fwp%2Fv2%2Ftags&post=16306"}],"curies":[{"name":"wp","href":"https:\/\/api.w.org\/{rel}","templated":true}]}}