{"id":10807,"date":"2020-03-04T10:08:54","date_gmt":"2020-03-04T10:08:54","guid":{"rendered":"http:\/\/wmzpn.pl\/?p=10807"},"modified":"2020-03-04T10:08:54","modified_gmt":"2020-03-04T10:08:54","slug":"marcowy-harmonogram-wyjazdow-mobilnej-akademii-mlodych-orlow","status":"publish","type":"post","link":"https:\/\/wmzpn.pl\/?p=10807","title":{"rendered":"Marcowy harmonogram wyjazd\u00f3w Mobilnej Akademii M\u0142odych Or\u0142\u00f3w"},"content":{"rendered":"<p>Przedstawiamy plan wizyt Mobilnego AMO na miesi\u0105c marzec.<br \/>\nSerdecznie zapraszamy na spotkania Mobilnej Akademii M\u0142odych Or\u0142\u00f3w wszystkich zainteresowanych rodzic\u00f3w, nauczycieli oraz trener\u00f3w.<span id=\"more-9724\"><\/span><\/p>\n<p>Mobilna Akademia M\u0142odych Or\u0142\u00f3w to projekt PZPN, kt\u00f3ry ma na celu wy\u0142oni\u0107 najwi\u0119ksze talenty w naszym kraju oraz edukowa\u0107 trener\u00f3w zawita do kolejnych powiat\u00f3w w naszym wojew\u00f3dztwie.<\/p>\n<p>Trenerzy Mobilnego AMO \u2013 Grzegorz \u017bytkiewicz i Micha\u0142 Trzeciakiewicz w marcu odwiedz\u0105 12 miast naszego wojew\u00f3dztwa, gdzie prowadzi\u0107 b\u0119d\u0105 bezp\u0142atne szkolenia pi\u0142karskie dla trener\u00f3w, nauczycieli i animator\u00f3w. W zaj\u0119ciach b\u0119d\u0105 te\u017c mogli uczestniczy\u0107 zainteresowani rodzice.<\/p>\n<p><strong>Lutowy harmonogram wyjazd\u00f3w Mobilnego AMO:<\/strong><\/p>\n<p>10.03.2020, godz. 16:00 (wtorek)<br \/>\n\u2013 Olsztynek, ul. G\u00f3rna 5\u00a0<strong>[U-13 CH]<\/strong><\/p>\n<p>11.03.2020, godz. 16:30 (\u015broda)<br \/>\n\u2013 Pisz, ul. Sikorskiego 15\u00a0<strong>[U-11 CH]<\/strong><\/p>\n<p>12.03.2020, godz. 16:00 (czwartek)<br \/>\n\u2013 Tolkmicko, ul. Szkolna 20\u00a0<strong>[U-13 CH]<\/strong><\/p>\n<p>17.03.2020, godz. 16:00 (wtorek)<br \/>\n\u2013 Nowe Miasto Lubawskie, ul. Jagiello\u0144ska 20\u00a0<strong>[U-13 CH]<\/strong><\/p>\n<p>18.03.2020, godz. 16:00 (\u015broda)<br \/>\n\u2013 Nidzica, ul. Kopernika 1\u00a0<strong>[U-11 CH]<\/strong><\/p>\n<p>19.03.2020, godz. 16:00 (czwartek)<br \/>\n\u2013 Braniewo, ul. Sikorskiego 15\u00a0<strong>[U-11 CH]<\/strong><\/p>\n<p>24.03.2020, godz. 16:00 (wtorek)<br \/>\n\u2013 Dzia\u0142dowo, ul. Robotnicza 10\u00a0<strong>[U-11 CH]<\/strong><\/p>\n<p>25.03.2020, godz. 16:00 (\u015broda)<br \/>\n\u2013 W\u0119gorzewo, ul. Pionier\u00f3w 6\u00a0<strong>[U-11 CH]<\/strong><\/p>\n<p>26.03.2020, godz. 16:00 (czwartek)<br \/>\n\u2013 Gi\u017cycko, ul. Wiejska 50\u00a0<strong>[U-13 CH]<\/strong><\/p>\n<p>27.03.2020, godz. 16:00 (pi\u0105tek)<br \/>\n\u2013 Susz, ul. Piastowska 5C\u00a0<strong>[U-13 CH]<\/strong><\/p>\n<p>30.03.2020, godz. 17:00 (poniedzia\u0142ek)<br \/>\n\u2013 Olsztyn, Al. Przyjaci\u00f3\u0142 42\u00a0<strong>[U-13 DZ]<\/strong><\/p>\n<p>31.03.2020, godz. 16:00 (wtorek)<br \/>\n\u2013 Mr\u0105gowo, ul. Mrongowiusza 1\u00a0<strong>[U-11 CH]<\/strong><\/p>\n<p>Aktualny \u201eplan zaj\u0119\u0107\u201d Mobilnej Akademii M\u0142odych Or\u0142\u00f3w mo\u017cna sprawdza\u0107 na portalu\u00a0<a href=\"https:\/\/www.laczynaspilka.pl\/akademia-mlodych-orlow,mobilne-amo-warminsko-mazurskie,32304097.html\" target=\"_blank\" rel=\"noopener\">\u0141\u0105czy Nas Pi\u0142ka.<\/a><\/p>\n<p>W tym miejscu serdecznie zach\u0119camy do wsp\u00f3\u0142pracy lokalne samorz\u0105dy, kluby oraz szko\u0142y, kt\u00f3re chcia\u0142yby zorganizowa\u0107 szkolenie na terenie swojej gminy.<\/p>\n<p>Wszelkich informacji udzieli trener odpowiedzialny za projekt w naszym wojew\u00f3dztwie:<\/p>\n<p><a href=\"http:\/\/wmzpn.pl\/wp-content\/uploads\/2018\/03\/gz.jpg\"><img loading=\"lazy\" decoding=\"async\" class=\"size-full wp-image-9856 alignleft td-animation-stack-type0-2\" src=\"http:\/\/wmzpn.pl\/wp-content\/uploads\/2018\/03\/gz.jpg\" alt=\"\" width=\"120\" height=\"164\" \/><\/a><\/p>\n<h4><strong>Grzegorz \u017bytkiewicz<br \/>\n<\/strong>Trener koordynator<\/h4>\n<p>tel. 501 557 995<\/p>\n<p>e-mail:\u00a0<a href=\"mailto:grzegorz.zytkiewicz@pzpn.pl\">grzegorz.zytkiewicz@pzpn.pl<\/a><\/p>\n<hr \/>\n<p>Szczeg\u00f3\u0142y o projekcie Mobilnej Akademii M\u0142odych Or\u0142\u00f3w \u2013&gt;\u00a0<a href=\"http:\/\/wmzpn.pl\/files\/PrezentacjaMAMO.pdf\" target=\"_blank\" rel=\"noopener\">TUTAJ<\/a><\/p>\n","protected":false},"excerpt":{"rendered":"<p>Przedstawiamy plan wizyt Mobilnego AMO na miesi\u0105c marzec. Serdecznie zapraszamy na spotkania Mobilnej Akademii M\u0142odych Or\u0142\u00f3w wszystkich zainteresowanych rodzic\u00f3w, nauczycieli oraz trener\u00f3w. Mobilna Akademia M\u0142odych Or\u0142\u00f3w to projekt PZPN, kt\u00f3ry ma na celu wy\u0142oni\u0107 najwi\u0119ksze talenty w naszym kraju oraz edukowa\u0107 trener\u00f3w zawita do kolejnych powiat\u00f3w w naszym wojew\u00f3dztwie. Trenerzy Mobilnego AMO \u2013 Grzegorz \u017bytkiewicz [&hellip;]<\/p>\n","protected":false},"author":3,"featured_media":10809,"comment_status":"open","ping_status":"open","sticky":false,"template":"","format":"standard","meta":{"footnotes":""},"categories":[80],"tags":[],"class_list":["post-10807","post","type-post","status-publish","format-standard","has-post-thumbnail","hentry","category-mobilne-amo"],"_links":{"self":[{"href":"https:\/\/wmzpn.pl\/index.php?rest_route=\/wp\/v2\/posts\/10807","targetHints":{"allow":["GET"]}}],"collection":[{"href":"https:\/\/wmzpn.pl\/index.php?rest_route=\/wp\/v2\/posts"}],"about":[{"href":"https:\/\/wmzpn.pl\/index.php?rest_route=\/wp\/v2\/types\/post"}],"author":[{"embeddable":true,"href":"https:\/\/wmzpn.pl\/index.php?rest_route=\/wp\/v2\/users\/3"}],"replies":[{"embeddable":true,"href":"https:\/\/wmzpn.pl\/index.php?rest_route=%2Fwp%2Fv2%2Fcomments&post=10807"}],"version-history":[{"count":2,"href":"https:\/\/wmzpn.pl\/index.php?rest_route=\/wp\/v2\/posts\/10807\/revisions"}],"predecessor-version":[{"id":10810,"href":"https:\/\/wmzpn.pl\/index.php?rest_route=\/wp\/v2\/posts\/10807\/revisions\/10810"}],"wp:featuredmedia":[{"embeddable":true,"href":"https:\/\/wmzpn.pl\/index.php?rest_route=\/wp\/v2\/media\/10809"}],"wp:attachment":[{"href":"https:\/\/wmzpn.pl\/index.php?rest_route=%2Fwp%2Fv2%2Fmedia&parent=10807"}],"wp:term":[{"taxonomy":"category","embeddable":true,"href":"https:\/\/wmzpn.pl\/index.php?rest_route=%2Fwp%2Fv2%2Fcategories&post=10807"},{"taxonomy":"post_tag","embeddable":true,"href":"https:\/\/wmzpn.pl\/index.php?rest_route=%2Fwp%2Fv2%2Ftags&post=10807"}],"curies":[{"name":"wp","href":"https:\/\/api.w.org\/{rel}","templated":true}]}}