{"id":1060,"date":"2018-06-20T08:42:12","date_gmt":"2018-06-20T08:42:12","guid":{"rendered":"http:\/\/wmzpn1.home.pl\/autoinstalator\/wordpress1\/?p=1060"},"modified":"2018-07-11T08:43:27","modified_gmt":"2018-07-11T08:43:27","slug":"nasi-sedziowie-na-szczeblu-centralnym","status":"publish","type":"post","link":"https:\/\/wmzpn.pl\/?p=1060","title":{"rendered":"Nasi s\u0119dziowie na szczeblu centralnym"},"content":{"rendered":"<p>Zarz\u0105d Kolegium S\u0119dzi\u00f3w PZPN przedstawi\u0142 listy s\u0119dzi\u00f3w i obserwator\u00f3w szczebla centralnego na sezon 2018\/2019. Nasze wojew\u00f3dztwo na najwy\u017cszych szczeblach b\u0119dzie reprezentowa\u0107 sze\u015bciu s\u0119dzi\u00f3w i trzech obserwator\u00f3w<!--more-->.<\/p>\n<p>Rozstrzyga\u0107 mecze na zapleczu Ekstraklasy, kolejny sezon, b\u0119dzie nasz najbardziej do\u015bwiadczony arbiter &#8211; <strong>Wojciech Krzto\u0144<\/strong> (Podgrupa A &#8211; I liga). Szczebel ni\u017cej w dalszym ci\u0105gu s\u0119dziowa\u0107 b\u0119d\u0105: <strong>Karol Rudzi\u0144ski<\/strong> i <strong>Marcin Szczerbowicz<\/strong> (obaj Podgrupa B &#8211; II liga). Do\u0142\u0105czy do nich od nowego sezonu <strong>Dawid Wi\u015bniewski<\/strong>, b\u0119dzie debiutantem na boiskach II ligi. Nasz s\u0119dzia przez rund\u0119 wiosenn\u0105 by\u0142 oceniany przez obserwator\u00f3w szczebla centralnego na boiskach III ligi i dzi\u0119ki dobrym wyst\u0119pom znalaz\u0142 si\u0119 w gronie s\u0119dzi\u00f3w, kt\u00f3rzy uzyskali awans do wy\u017cszej klasy rozgrywkowej.<\/p>\n<p>W kolejnym sezonie, na szczeblu centralnym, ponownie znale\u017ali si\u0119 asystenci: <strong>Dawid Fiedorowicz<\/strong>, <strong>Piotr Kurt<\/strong> i <strong>Krystian Mucha<\/strong>, kt\u00f3rzy b\u0119d\u0105 uprawnieni do prowadzenia mecz\u00f3w na poziomie I i II ligi.<\/p>\n<p>Na li\u015bcie obserwator\u00f3w szczebla centralnego znajduj\u0105 si\u0119: <strong>Zbigniew Czajkowski<\/strong>, <strong>Karol Mazuro<\/strong> i <strong>Tomasz P\u0142oski<\/strong>. Dla Karola Mazuro b\u0119dzie to pierwszy sezon w roli obserwatora na szczeblu centralnym.<\/p>\n","protected":false},"excerpt":{"rendered":"<p>Zarz\u0105d Kolegium S\u0119dzi\u00f3w PZPN przedstawi\u0142 listy s\u0119dzi\u00f3w i obserwator\u00f3w szczebla centralnego na sezon 2018\/2019. Nasze wojew\u00f3dztwo na najwy\u017cszych szczeblach b\u0119dzie reprezentowa\u0107 sze\u015bciu s\u0119dzi\u00f3w i trzech obserwator\u00f3w<\/p>\n","protected":false},"author":3,"featured_media":1061,"comment_status":"open","ping_status":"open","sticky":false,"template":"","format":"standard","meta":{"footnotes":""},"categories":[24],"tags":[],"class_list":["post-1060","post","type-post","status-publish","format-standard","has-post-thumbnail","hentry","category-sedziowie"],"_links":{"self":[{"href":"https:\/\/wmzpn.pl\/index.php?rest_route=\/wp\/v2\/posts\/1060","targetHints":{"allow":["GET"]}}],"collection":[{"href":"https:\/\/wmzpn.pl\/index.php?rest_route=\/wp\/v2\/posts"}],"about":[{"href":"https:\/\/wmzpn.pl\/index.php?rest_route=\/wp\/v2\/types\/post"}],"author":[{"embeddable":true,"href":"https:\/\/wmzpn.pl\/index.php?rest_route=\/wp\/v2\/users\/3"}],"replies":[{"embeddable":true,"href":"https:\/\/wmzpn.pl\/index.php?rest_route=%2Fwp%2Fv2%2Fcomments&post=1060"}],"version-history":[{"count":1,"href":"https:\/\/wmzpn.pl\/index.php?rest_route=\/wp\/v2\/posts\/1060\/revisions"}],"predecessor-version":[{"id":1062,"href":"https:\/\/wmzpn.pl\/index.php?rest_route=\/wp\/v2\/posts\/1060\/revisions\/1062"}],"wp:featuredmedia":[{"embeddable":true,"href":"https:\/\/wmzpn.pl\/index.php?rest_route=\/wp\/v2\/media\/1061"}],"wp:attachment":[{"href":"https:\/\/wmzpn.pl\/index.php?rest_route=%2Fwp%2Fv2%2Fmedia&parent=1060"}],"wp:term":[{"taxonomy":"category","embeddable":true,"href":"https:\/\/wmzpn.pl\/index.php?rest_route=%2Fwp%2Fv2%2Fcategories&post=1060"},{"taxonomy":"post_tag","embeddable":true,"href":"https:\/\/wmzpn.pl\/index.php?rest_route=%2Fwp%2Fv2%2Ftags&post=1060"}],"curies":[{"name":"wp","href":"https:\/\/api.w.org\/{rel}","templated":true}]}}