{"id":10419,"date":"2020-02-10T10:30:28","date_gmt":"2020-02-10T10:30:28","guid":{"rendered":"http:\/\/wmzpn.pl\/?p=10419"},"modified":"2020-02-10T10:30:28","modified_gmt":"2020-02-10T10:30:28","slug":"nasi-ligowcy-weekendowe-podsumowanie-wystepow-zawodnikow-z-warmii-i-mazur-45","status":"publish","type":"post","link":"https:\/\/wmzpn.pl\/?p=10419","title":{"rendered":"&#8220;Nasi Ligowcy&#8221;. Weekendowe podsumowanie wyst\u0119p\u00f3w zawodnik\u00f3w z Warmii i Mazur"},"content":{"rendered":"<p><strong>Poni\u017cej przedstawiamy podsumowanie wyst\u0119p\u00f3w zawodnik\u00f3w pochodz\u0105cych z naszego wojew\u00f3dztwa graj\u0105cych za granic\u0105 oraz na szczeblach centralnych polskich lig.\u00a0<\/strong><!--more--><\/p>\n<p><strong>&#8220;NASI&#8221; ZA GRANIC\u0104<\/strong><\/p>\n<p><strong>Anglia, SkyBet Championship &#8211; Millwall FC<br \/>\n<\/strong><span style=\"color: #000080;\">Bartosz Bia\u0142kowski<\/span> (ur. 1987 &#8211; Braniewo, pierwszy klub Olimpia Elbl\u0105g) &#8211; 90 minut w meczu z West Bromwich Albion (0:2)<\/p>\n<p><strong>Australia, A-League &#8211; Western United FC<br \/>\n<\/strong><span style=\"color: #000080;\">Filip Kurto<\/span> (ur. 1991 &#8211; Olsztyn, pierwszy klub Naki Olsztyn) &#8211;\u00a0w ten weekend dru\u017cyna\u00a0Western United FC nie rozgrywa\u0142a \u017cadnego ligowego spotkania<\/p>\n<p><strong>Chiny, Chinese Super League &#8211; Chongqing Dangdai Lifan<br \/>\n<\/strong><span style=\"color: #000080;\">Adrian Mierzejewski<\/span> (ur. 1986 &#8211; Olsztyn, pierwszy klub Tempo 25 Olsztyn) &#8211; liga startuje 28.02.2020 r.<\/p>\n<p><strong>Irlandia P\u00f3\u0142nocna, IFA Championship &#8211; Harland &amp; Wolff Welders FC<br \/>\n<\/strong><span style=\"color: #000080;\">\u0141ukasz Gwiazda<\/span> (ur. 1994 &#8211; \u0141om\u017ca, pierwszy klub Sok\u00f3\u0142 Ostr\u00f3da) &#8211; 90 minut w meczu z PSNI (3:1)<\/p>\n<p><b>Jordania, I liga &#8211;\u00a0Al-Faisaly<\/b><br \/>\n<span style=\"color: #000080;\">\u0141ukasz Gikiewicz<\/span> (ur. 1987 &#8211; Olsztyn, pierwszy klub Warmia Olsztyn) &#8211; liga startuje 06.03.2020 r.<\/p>\n<p><strong>Niemcy, 1. Bundesliga &#8211; 1. FC Union Berlin<br \/>\n<\/strong><span style=\"color: #000080;\">Rafa\u0142 Gikiewicz<\/span> (ur. 1987 &#8211; Olsztyn, pierwszy klub Warmia Olsztyn) &#8211; 90 minut w meczu z Werderem Brema (2:0)<\/p>\n<p><strong>Turcja, Super Liga &#8211;\u00a0MKE Ankarag\u00fcc\u00fc<\/strong><br \/>\n<span style=\"color: #000080;\">Daniel \u0141ukasik<\/span> (ur. 1991 &#8211; Gi\u017cycko, pierwszy klub Olimpia Mi\u0142ki) &#8211; 90 minut w meczu z Yeni Malatyaspor (1:0)<\/p>\n<p><strong>W\u0142ochy, Serie A<\/strong> &#8211; <strong>Hellas Verona FC<br \/>\n<\/strong><span style=\"color: #000080;\">Pawe\u0142 Dawidowicz<\/span> (ur. 1995 &#8211; Ostr\u00f3da, pierwszy klub Sok\u00f3\u0142 Ostr\u00f3da) &#8211; ca\u0142y mecz na \u0142awce rezerwowych z Juventusem Turyn (2:1)<\/p>\n<hr \/>\n<p><strong>&#8220;NASI&#8221; W EKSTRAKLASIE<\/strong><\/p>\n<p><strong>Jagiellonia Bia\u0142ystok<\/strong><br \/>\n<span style=\"color: #000080;\">Dawid Szymonowicz\u00a0<\/span>(ur. 1995 &#8211; Lidzbark Warmi\u0144ski, pierwszy klub DKS Dobre Miasto) &#8211; 90 minut w meczu z Wis\u0142\u0105 Krak\u00f3w (0:3)<\/p>\n<p><strong>Lechia Gda\u0144sk<br \/>\n<\/strong><span style=\"color: #333399;\"><span style=\"color: #000080;\">Filip Dymerski<\/span>\u00a0<\/span>(ur. 2002 &#8211; Olsztyn, pierwszy klub Naki Olsztyn) &#8211; ca\u0142y mecz na \u0142awce rezerwowych ze \u015al\u0105skiem Wroc\u0142aw (2:2)<br \/>\n<span style=\"color: #333399;\"><span style=\"color: #000080;\">Mateusz Cegie\u0142ka<\/span><\/span> (ur. 2001 &#8211; Ostr\u00f3da, pierwszy klub Start Dzia\u0142dowo) &#8211; poza kadr\u0105 w meczu ze \u015al\u0105skiem Wroc\u0142aw (2:2)<\/p>\n<p><strong>Legia Warszawa<\/strong><br \/>\n<span style=\"color: #000080;\">Wojciech Muzyk<\/span> (ur. 1998 &#8211; Suwa\u0142ki, pierwszy klub Czarni Olecko) &#8211; poza kadr\u0105 w meczu z \u0141KS-em \u0141\u00f3d\u017a (3:1)<\/p>\n<p><strong>\u0141KS \u0141\u00f3d\u017a<br \/>\n<\/strong><span style=\"color: #000080;\">Maciej Wolski<\/span> (ur. 1997 &#8211; Nowe Miasto Lubawskie, pierwszy klub Drw\u0119ca Nowe Miasto Lubawskie) &#8211; zszed\u0142 z boiska w 73. minucie meczu z Legi\u0105 Warszawa (1:3)<\/p>\n<p><strong>Rak\u00f3w Cz\u0119stochowa<br \/>\n<\/strong><span style=\"color: #000080;\">Patryk Kun<\/span> (ur. 1995 &#8211; W\u0119gorzewo, pierwszy klub Kosza\u0142ek Opa\u0142ek W\u0119gorzewo) &#8211; ca\u0142y mecz na \u0142awce rezerwowych z Lechem Pozna\u0144 (0:3)<\/p>\n<p><strong>\u015al\u0105sk Wroc\u0142aw<br \/>\n<\/strong><span style=\"color: #000080;\">\u0141ukasz Bro\u017a<\/span> (ur. 1985 &#8211; Gi\u017cycko, pierwszy klub ABC Bagbud Gi\u017cycko) &#8211; poza kadr\u0105 w meczu z Lechi\u0105 Gda\u0144sk (2:2)<\/p>\n<p><strong>Wis\u0142a P\u0142ock<\/strong><strong><br \/>\n<\/strong><span style=\"color: #000080;\">Oskar Zawada<\/span> (ur. 1996 &#8211; Olsztyn, pierwszy klub DKS Dobre Miasto) &#8211; poza kadr\u0105 w meczu z Pogoni\u0105 Szczecin (2:3)<\/p>\n<hr \/>\n<p><span style=\"color: #000000;\"><br \/>\nJe\u015bli w tym zestawieniu nie widzicie kt\u00f3rego\u015b z zawodnik\u00f3w pochodz\u0105cych z naszego regionu, graj\u0105cego za granic\u0105 lub na szczeblu centralnym w Polsce, piszcie na adres mailowy\u00a0<a href=\"mailto:mariusz.bojarowski@wmzpn.pl\">mariusz.bojarowski@wmzpn.pl<\/a><\/span><\/p>\n<hr \/>\n<p><em><br \/>\nNa zdj\u0119ciu Daniel \u0141ukasik (z prawej)<br \/>\nfot. facebook.com\/Ankaragucu<\/em><\/p>\n","protected":false},"excerpt":{"rendered":"<p>Poni\u017cej przedstawiamy podsumowanie wyst\u0119p\u00f3w zawodnik\u00f3w pochodz\u0105cych z naszego wojew\u00f3dztwa graj\u0105cych za granic\u0105 oraz na szczeblach centralnych polskich lig.\u00a0<\/p>\n","protected":false},"author":3,"featured_media":10429,"comment_status":"open","ping_status":"open","sticky":false,"template":"","format":"standard","meta":{"footnotes":""},"categories":[91],"tags":[],"class_list":["post-10419","post","type-post","status-publish","format-standard","has-post-thumbnail","hentry","category-nasi-ligowcy"],"_links":{"self":[{"href":"https:\/\/wmzpn.pl\/index.php?rest_route=\/wp\/v2\/posts\/10419","targetHints":{"allow":["GET"]}}],"collection":[{"href":"https:\/\/wmzpn.pl\/index.php?rest_route=\/wp\/v2\/posts"}],"about":[{"href":"https:\/\/wmzpn.pl\/index.php?rest_route=\/wp\/v2\/types\/post"}],"author":[{"embeddable":true,"href":"https:\/\/wmzpn.pl\/index.php?rest_route=\/wp\/v2\/users\/3"}],"replies":[{"embeddable":true,"href":"https:\/\/wmzpn.pl\/index.php?rest_route=%2Fwp%2Fv2%2Fcomments&post=10419"}],"version-history":[{"count":6,"href":"https:\/\/wmzpn.pl\/index.php?rest_route=\/wp\/v2\/posts\/10419\/revisions"}],"predecessor-version":[{"id":10437,"href":"https:\/\/wmzpn.pl\/index.php?rest_route=\/wp\/v2\/posts\/10419\/revisions\/10437"}],"wp:featuredmedia":[{"embeddable":true,"href":"https:\/\/wmzpn.pl\/index.php?rest_route=\/wp\/v2\/media\/10429"}],"wp:attachment":[{"href":"https:\/\/wmzpn.pl\/index.php?rest_route=%2Fwp%2Fv2%2Fmedia&parent=10419"}],"wp:term":[{"taxonomy":"category","embeddable":true,"href":"https:\/\/wmzpn.pl\/index.php?rest_route=%2Fwp%2Fv2%2Fcategories&post=10419"},{"taxonomy":"post_tag","embeddable":true,"href":"https:\/\/wmzpn.pl\/index.php?rest_route=%2Fwp%2Fv2%2Ftags&post=10419"}],"curies":[{"name":"wp","href":"https:\/\/api.w.org\/{rel}","templated":true}]}}