{"id":10337,"date":"2020-02-03T10:45:18","date_gmt":"2020-02-03T10:45:18","guid":{"rendered":"http:\/\/wmzpn.pl\/?p=10337"},"modified":"2020-02-04T10:02:51","modified_gmt":"2020-02-04T10:02:51","slug":"lutowy-harmonogram-wyjazdow-mobilnej-akademii-mlodych-orlow","status":"publish","type":"post","link":"https:\/\/wmzpn.pl\/?p=10337","title":{"rendered":"Lutowy harmonogram wyjazd\u00f3w Mobilnej Akademii M\u0142odych Or\u0142\u00f3w"},"content":{"rendered":"<p>Przedstawiamy plan wizyt Mobilnego AMO na miesi\u0105c luty.<br \/>\nSerdecznie zapraszamy na spotkania Mobilnej Akademii M\u0142odych Or\u0142\u00f3w wszystkich zainteresowanych rodzic\u00f3w, nauczycieli oraz trener\u00f3w.<span id=\"more-9724\"><\/span><\/p>\n<p>Mobilna Akademia M\u0142odych Or\u0142\u00f3w to projekt PZPN, kt\u00f3ry ma na celu wy\u0142oni\u0107 najwi\u0119ksze talenty w naszym kraju oraz edukowa\u0107 trener\u00f3w zawita do kolejnych powiat\u00f3w w naszym wojew\u00f3dztwie.<\/p>\n<p>Trenerzy Mobilnego AMO \u2013 Grzegorz \u017bytkiewicz i Micha\u0142 Trzeciakiewicz w lutym odwiedz\u0105 12 miast naszego wojew\u00f3dztwa, gdzie prowadzi\u0107 b\u0119d\u0105 bezp\u0142atne szkolenia pi\u0142karskie dla trener\u00f3w, nauczycieli i animator\u00f3w. W zaj\u0119ciach b\u0119d\u0105 te\u017c mogli uczestniczy\u0107 zainteresowani rodzice.<\/p>\n<p><strong>Lutowy harmonogram wyjazd\u00f3w Mobilnego AMO:<\/strong><\/p>\n<p>4.02.2020, godz. 17:00 (wtorek)<br \/>\n\u2013 Olsztyn, ul. Ko\u0142obrzeska 13M\u00a0<strong>[U-11 CH]<\/strong><\/p>\n<p>8.02.2020, godz. 13:00 (sobota)<br \/>\n\u2013 Elbl\u0105g, ul. Sienkiewicza 4\u00a0<strong>[U-13 CH]<\/strong><\/p>\n<p>10.02.2020, godz. 16:00 (poniedzia\u0142ek)<br \/>\n\u2013 Ostr\u00f3da, ul. Ko\u015bciuszki 22A\u00a0<strong>[U-13 CH]<\/strong><\/p>\n<p>11.02.2020, godz. 16:00 (wtorek)<br \/>\n\u2013 Miko\u0142ajki, ul. Jana Paw\u0142a II 7\u00a0<strong>[U-13 CH]<\/strong><\/p>\n<p>12.02.2020, godz. 16:00 (\u015broda)<br \/>\n\u2013 Lidzbark Warmi\u0144ski, ul. Polna 36\u00a0<strong>[U-13 CH]<\/strong><\/p>\n<p>13.02.2020, godz. 16:00 (czwartek)<br \/>\n\u2013 Go\u0142dap, ul. Partyzant\u00f3w 31A\u00a0<strong>[U-13 CH]<\/strong><\/p>\n<p>17.02.2020, godz. 16:00 (poniedzia\u0142ek)<br \/>\n\u2013 E\u0142k, ul. Szafera 2\u00a0<strong>[U-11 CH]<\/strong><\/p>\n<p>18.02.2020, godz. 16:00 (wtorek)<br \/>\n\u2013 G\u00f3rowo I\u0142aweckie, ul. Szkolna 4\u00a0<strong>[U-11 CH]<\/strong><\/p>\n<p>22.02.2020, godz. 12:00 (sobota)<br \/>\n\u2013 Szczytno, ul. Lanca 1\u00a0<strong>[U-13 CH]<\/strong><\/p>\n<p>24.02.2020, godz. 16:00 (poniedzia\u0142ek)<br \/>\n\u2013 K\u0119trzyn, ul. Kazimierza Wielkiego 12A\u00a0<strong>[U-13 CH]<\/strong><\/p>\n<p>25.02.2020, godz. 16:00 (wtorek)<br \/>\n\u2013 Olecko, ul. Parkowa 1\u00a0<strong>[U-13 CH]<\/strong><\/p>\n<p>26.02.2020, godz. 16:00 (\u015broda)<br \/>\n\u2013 I\u0142awa, ul. Sienkiewicza 1\u00a0<strong>[U-13 DZ]<\/strong><\/p>\n<p>Aktualny \u201eplan zaj\u0119\u0107\u201d Mobilnej Akademii M\u0142odych Or\u0142\u00f3w mo\u017cna sprawdza\u0107 na portalu\u00a0<a href=\"https:\/\/www.laczynaspilka.pl\/akademia-mlodych-orlow,mobilne-amo-warminsko-mazurskie,32304097.html\" target=\"_blank\" rel=\"noopener\">\u0141\u0105czy Nas Pi\u0142ka.<\/a><\/p>\n<p>W tym miejscu serdecznie zach\u0119camy do wsp\u00f3\u0142pracy lokalne samorz\u0105dy, kluby oraz szko\u0142y, kt\u00f3re chcia\u0142yby zorganizowa\u0107 szkolenie na terenie swojej gminy.<\/p>\n<p>Wszelkich informacji udzieli trener odpowiedzialny za projekt w naszym wojew\u00f3dztwie:<\/p>\n<p><a href=\"http:\/\/wmzpn.pl\/wp-content\/uploads\/2018\/03\/gz.jpg\"><img loading=\"lazy\" decoding=\"async\" class=\"size-full wp-image-9856 alignleft td-animation-stack-type0-2\" src=\"http:\/\/wmzpn.pl\/wp-content\/uploads\/2018\/03\/gz.jpg\" alt=\"\" width=\"120\" height=\"164\" \/><\/a><\/p>\n<h4><strong>Grzegorz \u017bytkiewicz<br \/>\n<\/strong>Trener koordynator<\/h4>\n<p>tel. 501 557 995<\/p>\n<p>e-mail:\u00a0<a href=\"mailto:grzegorz.zytkiewicz@pzpn.pl\">grzegorz.zytkiewicz@pzpn.pl<\/a><\/p>\n<hr \/>\n<p>Szczeg\u00f3\u0142y o projekcie Mobilnej Akademii M\u0142odych Or\u0142\u00f3w \u2013&gt;\u00a0<a href=\"http:\/\/wmzpn.pl\/files\/PrezentacjaMAMO.pdf\" target=\"_blank\" rel=\"noopener\">TUTAJ<\/a><\/p>\n","protected":false},"excerpt":{"rendered":"<p>Przedstawiamy plan wizyt Mobilnego AMO na miesi\u0105c luty. Serdecznie zapraszamy na spotkania Mobilnej Akademii M\u0142odych Or\u0142\u00f3w wszystkich zainteresowanych rodzic\u00f3w, nauczycieli oraz trener\u00f3w. Mobilna Akademia M\u0142odych Or\u0142\u00f3w to projekt PZPN, kt\u00f3ry ma na celu wy\u0142oni\u0107 najwi\u0119ksze talenty w naszym kraju oraz edukowa\u0107 trener\u00f3w zawita do kolejnych powiat\u00f3w w naszym wojew\u00f3dztwie. Trenerzy Mobilnego AMO \u2013 Grzegorz \u017bytkiewicz [&hellip;]<\/p>\n","protected":false},"author":3,"featured_media":9727,"comment_status":"open","ping_status":"open","sticky":false,"template":"","format":"standard","meta":{"footnotes":""},"categories":[80],"tags":[],"class_list":["post-10337","post","type-post","status-publish","format-standard","has-post-thumbnail","hentry","category-mobilne-amo"],"_links":{"self":[{"href":"https:\/\/wmzpn.pl\/index.php?rest_route=\/wp\/v2\/posts\/10337","targetHints":{"allow":["GET"]}}],"collection":[{"href":"https:\/\/wmzpn.pl\/index.php?rest_route=\/wp\/v2\/posts"}],"about":[{"href":"https:\/\/wmzpn.pl\/index.php?rest_route=\/wp\/v2\/types\/post"}],"author":[{"embeddable":true,"href":"https:\/\/wmzpn.pl\/index.php?rest_route=\/wp\/v2\/users\/3"}],"replies":[{"embeddable":true,"href":"https:\/\/wmzpn.pl\/index.php?rest_route=%2Fwp%2Fv2%2Fcomments&post=10337"}],"version-history":[{"count":3,"href":"https:\/\/wmzpn.pl\/index.php?rest_route=\/wp\/v2\/posts\/10337\/revisions"}],"predecessor-version":[{"id":10373,"href":"https:\/\/wmzpn.pl\/index.php?rest_route=\/wp\/v2\/posts\/10337\/revisions\/10373"}],"wp:featuredmedia":[{"embeddable":true,"href":"https:\/\/wmzpn.pl\/index.php?rest_route=\/wp\/v2\/media\/9727"}],"wp:attachment":[{"href":"https:\/\/wmzpn.pl\/index.php?rest_route=%2Fwp%2Fv2%2Fmedia&parent=10337"}],"wp:term":[{"taxonomy":"category","embeddable":true,"href":"https:\/\/wmzpn.pl\/index.php?rest_route=%2Fwp%2Fv2%2Fcategories&post=10337"},{"taxonomy":"post_tag","embeddable":true,"href":"https:\/\/wmzpn.pl\/index.php?rest_route=%2Fwp%2Fv2%2Ftags&post=10337"}],"curies":[{"name":"wp","href":"https:\/\/api.w.org\/{rel}","templated":true}]}}