{"id":10111,"date":"2020-01-24T14:32:02","date_gmt":"2020-01-24T14:32:02","guid":{"rendered":"http:\/\/wmzpn.pl\/?p=10111"},"modified":"2020-01-24T14:32:02","modified_gmt":"2020-01-24T14:32:02","slug":"forbet-iv-liga-co-tam-slychac","status":"publish","type":"post","link":"https:\/\/wmzpn.pl\/?p=10111","title":{"rendered":"forBET IV Liga &#8211; co tam s\u0142ycha\u0107?"},"content":{"rendered":"<p>Trwaj\u0105 przygotowania do rundy wiosennej w forBET IV Lidze, kt\u00f3ra rozpocznie si\u0119 w ostatni weekend marca. Zrobili\u015bmy ma\u0142e rozeznanie po stronach internetowych klub\u00f3w forBET IV Ligi. Co zatem s\u0142ycha\u0107 u naszych czwartoligowc\u00f3w?<\/p>\n<p><strong>T\u0119cza Biskupiec<\/strong><br \/>\nEkipa z Biskupca rozpocz\u0119\u0142a przygotowania 13 stycznia. Z dru\u017cyn\u0105 trenuje dw\u00f3ch junior\u00f3w: Micha\u0142 W\u00f3jcik i Kamil Tomczuk. Pierwszy mecz kontrolny rozegrany zostanie 25 stycznia. Rywalem &#8211; \u0141yna S\u0119popol.<br \/>\n<a href=\"https:\/\/www.facebook.com\/permalink.php?story_fbid=2543965719047222&amp;id=266727680104382\" target=\"_blank\" rel=\"noopener\">https:\/\/www.facebook.com\/permalink.php?story_fbid=2543965719047222&amp;id=266727680104382<\/a><\/p>\n<p><strong>Zatoka Braniewo<br \/>\n<\/strong>Zatoka zmieni\u0142a trenera &#8211; nowym szkoleniowcem zosta\u0142 Piotr Zaj\u0105c, kt\u00f3ry zast\u0105pi\u0142 odchodz\u0105cego do Concordii Elbl\u0105g Adama Borosa. Pierwszy sparing dru\u017cyna rozegra 8 lutego, a przeciwnikiem b\u0119dzie Olimpia Elbl\u0105g.<br \/>\n<a href=\"https:\/\/www.facebook.com\/mkszatoka\/photos\/a.1576727025941498\/2575113676102823\/?type=3&amp;theater\" target=\"_blank\" rel=\"noopener\">https:\/\/www.facebook.com\/mkszatoka\/photos\/a.1576727025941498\/2575113676102823\/?type=3&amp;theater<\/a><\/p>\n<p><strong>Olimpia II Elbl\u0105g<\/strong><br \/>\nElbl\u0105\u017canie sw\u00f3j pierwszy trening odbyli 14 stycznia. Przeciwnikiem Olimpii w pierwszym meczu kontrolnym b\u0119dzie A Klasowy Agat Jeg\u0142ownik. Odb\u0119dzie si\u0119 on 25 stycznia. Opr\u00f3cz tego spotkania Olimpia rozegra jeszcze 8 sparing\u00f3w.<br \/>\n<a href=\"https:\/\/www.portel.pl\/sport\/poznalismy-sparingpartnerow-rezerw-olimpii\/115990\" target=\"_blank\" rel=\"noopener\">https:\/\/www.portel.pl\/sport\/poznalismy-sparingpartnerow-rezerw-olimpii\/115990<\/a><br \/>\nNa testach w Hetmanie Zamo\u015b\u0107 przebywa Patryk Wieliczko.<br \/>\n<a href=\"https:\/\/www.portel.pl\/sport\/pierwszy-sparing-rezerw-olimpii\/116231\" target=\"_blank\" rel=\"noopener\">https:\/\/www.portel.pl\/sport\/pierwszy-sparing-rezerw-olimpii\/116231<\/a><\/p>\n<p><strong>MKS Mazur E\u0142k<\/strong><br \/>\nPierwszy trening po zimowej przerwie odby\u0142 si\u0119 22 stycznia. Trener Przemys\u0142aw Ko\u0142\u0142\u0105taj zaplanowa\u0142 7 mecz\u00f3w sparingowych, a pierwszym przeciwnikiem b\u0119dzie dru\u017cyna \u015aniardw Orzysz. To spotkanie odb\u0119dzie si\u0119 5 lutego.<br \/>\n<a href=\"https:\/\/mazurelk.pl\/przygotowania-do-rundy-wiosennej\/\" target=\"_blank\" rel=\"noopener\">https:\/\/mazurelk.pl\/przygotowania-do-rundy-wiosennej\/<\/a><br \/>\nPonadto dosz\u0142o do zmian w zarz\u0105dzie klubu &#8211; nowym Prezesem Klubu zosta\u0142 Rados\u0142aw Dorszewski.<br \/>\n<a href=\"https:\/\/mazurelk.pl\/noworoczne-nadzwyczajne-walne-zebranie-mks-mazur-elk\/?fbclid=IwAR1GR0CfqGbbT8YvIIH6BAQg-rFAwS1deRtXH_j3AR6jojFT-kuxjaJRm5M\" target=\"_blank\" rel=\"noopener\">https:\/\/mazurelk.pl\/noworoczne-nadzwyczajne-walne-zebranie-mks-mazur-elk\/?fbclid=IwAR1GR0CfqGbbT8YvIIH6BAQg-rFAwS1deRtXH_j3AR6jojFT-kuxjaJRm5M<\/a><br \/>\nRozmowa z Prezesem na temat obecnej sytuacji klubu w linku poni\u017cej.<br \/>\n<a href=\"https:\/\/mazurelk.pl\/nowy-prezes-o-przyszlosci-klubu\/?fbclid=IwAR0Cz2mCIUdNEaqlMs3opE7aVxSSR9_zAHBVWN8XHFUb1XFXTQPEAuIU1PU\">https:\/\/mazurelk.pl\/nowy-prezes-o-przyszlosci-klubu\/?fbclid=IwAR0Cz2mCIUdNEaqlMs3opE7aVxSSR9_zAHBVWN8XHFUb1XFXTQPEAuIU1PU<\/a><br \/>\nDo trzecioligowego RKS Radomsko odszed\u0142 Patryk Wo\u017aniak, kt\u00f3ry wyst\u0105pi\u0142 w tym sezonie forBET IV Ligi w 15 spotkaniach.<br \/>\n<a href=\"https:\/\/www.facebook.com\/rksradomsko\/posts\/2972977839418065\" target=\"_blank\" rel=\"noopener\">https:\/\/www.facebook.com\/rksradomsko\/posts\/2972977839418065<\/a><\/p>\n<p><strong>Mamry Gi\u017cycko<\/strong><br \/>\n13 stycznia Mamry rozpocz\u0119\u0142y przygotowania do rundy wiosennej sezonu 2019\/2020. Nowym trenerem dru\u017cyny z Gi\u017cycka zosta\u0142 Przemys\u0142aw \u0141api\u0144ski. Najbli\u017cszy sparing 25 stycznia na boisku ze sztuczn\u0105 muraw\u0105 w Mr\u0105gowie godzinie 13:00 z Pis\u0105 Barczewo.<br \/>\n<a href=\"https:\/\/mamrygizycko.pl\/2019\/11\/30\/poznalismy-sparingpartnerow\/\" target=\"_blank\" rel=\"noopener\">https:\/\/mamrygizycko.pl\/2019\/11\/30\/poznalismy-sparingpartnerow\/<\/a><br \/>\n<a href=\"https:\/\/mamrygizycko.pl\/2020\/01\/23\/pierwszy-tydzien-juz-za-nami\/\" target=\"_blank\" rel=\"noopener\">https:\/\/mamrygizycko.pl\/2020\/01\/23\/pierwszy-tydzien-juz-za-nami\/<\/a><br \/>\nZ klubu odszed\u0142 Jakub Koz\u0142owski.<br \/>\n<a href=\"https:\/\/mamrygizycko.pl\/2020\/01\/15\/do-boju\/\" target=\"_blank\" rel=\"noopener\">https:\/\/mamrygizycko.pl\/2020\/01\/15\/do-boju\/<\/a><\/p>\n<p><strong>Jeziorak I\u0142awa<br \/>\n<\/strong>Jeziorak rozpocz\u0105\u0142 przygotowania 14 stycznia. Na testach w trzecioligowej Broni Radom przebywa\u0142 Patryk Czarnota, ale ostatecznie nie wzmocni on dru\u017cyny z Radomia.<br \/>\n<a style=\"text-decoration-line: underline;\" href=\"http:\/\/ilawa.wm.pl\/628558,Czas-odejsc-w-Jezioraku-O-wzmocnieniach-powinnismy-raczej-zapomniec.html\" target=\"_blank\" rel=\"noopener\">http:\/\/ilawa.wm.pl\/628558,Czas-odejsc-w-Jezioraku-O-wzmocnieniach-powinnismy-raczej-zapomniec.html<\/a><br \/>\n\u0141ukasz \u015awi\u0119ty zosta\u0142 wypo\u017cyczony do lidera III ligi grupy 1 &#8211; Soko\u0142a Ostr\u00f3da.<br \/>\n<a href=\"https:\/\/www.jeziorakilawa.pl\/swiety-wypozyczony-na-pol-roku\/\" target=\"_blank\" rel=\"noopener\">https:\/\/www.jeziorakilawa.pl\/swiety-wypozyczony-na-pol-roku\/<\/a><br \/>\nZ klubem po\u017cegna\u0142 si\u0119 tak\u017ce \u0141ukasz Suchocki, kt\u00f3ry najprawdopodobniej zagra w GKS Wikielec.<br \/>\n<a href=\"http:\/\/www.infoilawa.pl\/aktualnosci\/item\/59957-lukasz-suchocki-w-wikielcu-zdjecia?fbclid=IwAR0Fea_jGiEiZ6JpkBDJPhjXjCGmifstOq9mYvp6PQJvKD3RiD85bXTNiv4\">http:\/\/www.infoilawa.pl\/aktualnosci\/item\/59957-lukasz-suchocki-w-wikielcu-zdjecia?fbclid=IwAR0Fea_jGiEiZ6JpkBDJPhjXjCGmifstOq9mYvp6PQJvKD3RiD85bXTNiv4<\/a><br \/>\nI\u0142awianie rozegraj\u0105 8 spotka\u0144 sparingowych, a pierwszy z nich 25 stycznia. Rywalem Kaczkan Huragan Mor\u0105g.<br \/>\n<a href=\"https:\/\/www.jeziorakilawa.pl\/start-przygotowan-i-osiem-sparingow-jezioraka\/?fbclid=IwAR1tTtWANIT47ztBKwj7058NVdlmX2W5ETZwI46tQ59rNrrNUm-ncgkf1EY\" target=\"_blank\" rel=\"noopener\">https:\/\/www.jeziorakilawa.pl\/start-przygotowan-i-osiem-sparingow-jezioraka\/?fbclid=IwAR1tTtWANIT47ztBKwj7058NVdlmX2W5ETZwI46tQ59rNrrNUm-ncgkf1EY<\/a><\/p>\n<p><strong>Granica K\u0119trzyn<\/strong><br \/>\nNowym dyrektorem sportowym zosta\u0142 Adam Fedoruk.<br \/>\n<a href=\"http:\/\/kksgranicaketrzyn.pl\/recepta-na-sukces-to-praca-praca-i-jeszcze-raz-praca\/\" target=\"_blank\" rel=\"noopener\">http:\/\/kksgranicaketrzyn.pl\/recepta-na-sukces-to-praca-praca-i-jeszcze-raz-praca\/<\/a><br \/>\nDru\u017cyna z K\u0119trzyna tak\u017ce rozpocz\u0119\u0142a przygotowania 14 stycznia. Zaplanowano osiem mecz\u00f3w kontrolnych, a najbli\u017cszy z nich 1 lutego z Mamrami Gi\u017cycko.<br \/>\n<a href=\"http:\/\/tygodnikketrzynski.pl\/granica-przygotowuje-sie-do-rundy-wiosennej\/?fbclid=IwAR35CnAtNeDgBW8Ljty0hybDusSNyBA1AcZ5BRj1eynXoSdWGjNGPfCHgz4\" target=\"_blank\" rel=\"noopener\">http:\/\/kksgranicaketrzyn.pl\/plan-zimowych-sparingow-granicy-2020\/?fbclid=IwAR2yBhtGhZ3M85tf8d0kJH1Fqmewit2LQO6iAoMrt5Ar-8DA_Wb60GVLXS0<\/a><\/p>\n<p><strong>Polonia Lidzbark Warmi\u0144ski<br \/>\n<\/strong>Polonia pierwszy trening odby\u0142a 13 stycznia. Now\u0105 &#8220;twarz\u0105&#8221; w klubie jest Krystian Oleszko z Warmii Olsztyn, natomiast z zespo\u0142em po\u017cegna\u0142 si\u0119 Mateusz Jurczak. Pierwszym sparingpartnerem b\u0119d\u0105 rezerwy Stomilu Olsztyn. Mecz ten zostanie rozegrany 1 lutego.<br \/>\n<a href=\"https:\/\/www.facebook.com\/polonialidzbarkwarminski\/photos\/a.114198390102786\/114187030103922\/?type=3&amp;theater\" target=\"_blank\" rel=\"noopener\">https:\/\/www.facebook.com\/polonialidzbarkwarminski\/photos\/a.114198390102786\/114187030103922\/?type=3&amp;theater<\/a><\/p>\n<p><strong>Motor Lubawa<br \/>\n<\/strong>W przypadku tej dru\u017cyny w ostatnim czasie m\u00f3wi\u0142o si\u0119 wiele na temat nie najlepszej sytuacji finansowej. Miejmy nadzieje, \u017ce Motor jednak wyjdzie &#8220;na prost\u0105&#8221; i upora si\u0119 z problemami.<br \/>\n<a href=\"http:\/\/lubawa.wm.pl\/625206,Bez-pieniedzy-i-poki-co-bez-planu-Sytuacja-w-Motorze-jest-trudna.html\" target=\"_blank\" rel=\"noopener\">http:\/\/lubawa.wm.pl\/625206,Bez-pieniedzy-i-poki-co-bez-planu-Sytuacja-w-Motorze-jest-trudna.html<\/a><br \/>\nMotor przed startem rundy wiosennej rozegra 9 spotka\u0144, a pierwszym rywalem b\u0119dzie Kaczkan Huragan Mor\u0105g.<br \/>\n<a href=\"https:\/\/www.facebook.com\/mlksmotorlubawa\/posts\/1327839967387771\" target=\"_blank\" rel=\"noopener\">https:\/\/www.facebook.com\/mlksmotorlubawa\/posts\/1327839967387771<\/a><\/p>\n<p><strong>Mr\u0105gowia Mr\u0105gowo<\/strong><br \/>\nMr\u0105gowia do trening\u00f3w powr\u00f3ci\u0142a 13 stycznia.\u00a0Treningi z zespo\u0142em rozpocz\u0105\u0142 21-letni bramkarz Adrian Orze\u0142, kt\u00f3ry ostatnio gra\u0142 w Warmii Olsztyn.<br \/>\n<a href=\"http:\/\/www.mragowia.pl\/index.php?mact=News,cntnt01,detail,0&amp;cntnt01articleid=952&amp;cntnt01origid=126&amp;cntnt01returnid=256\" target=\"_blank\" rel=\"noopener\">http:\/\/www.mragowia.pl\/index.php?mact=News,cntnt01,detail,0&amp;cntnt01articleid=952&amp;cntnt01origid=126&amp;cntnt01returnid=256<\/a><br \/>\nMr\u0105gowia ma ju\u017c za sob\u0105 jeden sparing, w kt\u00f3rym m.in. wyst\u0105pi\u0142 zawodnik B\u0142\u0119kitnych Orneta &#8211; Mateusz R\u00f3\u017cowicz. W spotkaniu z dru\u017cyn\u0105 U-18 Jagiellonii Bia\u0142ystok zwyci\u0119\u017cy\u0142a 2:1.<br \/>\n<a href=\"http:\/\/www.mragowia.pl\/index.php?mact=News,cntnt01,detail,0&amp;cntnt01articleid=958&amp;cntnt01origid=126&amp;cntnt01returnid=256\">http:\/\/www.mragowia.pl\/index.php?mact=News,cntnt01,detail,0&amp;cntnt01articleid=958&amp;cntnt01origid=126&amp;cntnt01returnid=256<\/a><\/p>\n<p><strong>Warmia Olsztyn<br \/>\n<\/strong>Warmia niestety ju\u017c od d\u0142u\u017cszego czasu boryka si\u0119 z problemami organizacyjnymi. Liczymy jednak na to, \u017ce uda si\u0119 Olsztynianom rozwi\u0105za\u0107 problemy i wiosn\u0105 b\u0119d\u0105 dalej walczy\u0107 o czwartoligowe punkty.<br \/>\n<a href=\"http:\/\/warmiaolsztyn.pl\/2020\/01\/10\/kolejny-termin-walnego-zebrania\/\" target=\"_blank\" rel=\"noopener\">http:\/\/warmiaolsztyn.pl\/2020\/01\/10\/kolejny-termin-walnego-zebrania\/<\/a><\/p>\n<p><strong>Stomil II Olsztyn<\/strong><br \/>\nDo zaj\u0119\u0107 pi\u0142karze rezerw Stomilu Olsztyn powr\u00f3cili 13 stycznia. Z zespo\u0142u odszed\u0142 Szymon Rak, kt\u00f3ry wypo\u017cyczony zosta\u0142 do trzecioligowego Hutnika Krak\u00f3w. Pierwszy sparing zaplanowano na 1 lutego. Rywalem Polonia Lidzbark Warmi\u0144ski.<br \/>\n<a href=\"https:\/\/stomil.olsztyn.pl\/Co-slychac-w-Stomilu-II-Olsztyn,e11527.html\" target=\"_blank\" rel=\"noopener\">https:\/\/stomil.olsztyn.pl\/Co-slychac-w-Stomilu-II-Olsztyn,e11527.html<\/a><\/p>\n<p><strong>GKS Wikielec<br \/>\n<\/strong>Lider tabeli forBET IV Ligi przygotowania rozpocz\u0105\u0142 15 stycznia.\u00a0Pierwszy sparing GKS Wikielec rozegra w sobot\u0119 25 stycznia o godz. 14:00 w Elbl\u0105gu z III-ligow\u0105 Concordi\u0105. Z zespo\u0142em trenuje 5 nowych zawodnik\u00f3w:\u00a0Dawid Krajnik,\u00a0Bartosz Korpalski,\u00a0Adam Kucznier, Dominik Trojanowski oraz \u0141ukasz Suchocki.<br \/>\n<a href=\"http:\/\/www.wikielecgks.pl\/gks-wikielec-rozpoczal-przygotowania\/?fbclid=IwAR0ACeaLUEFXGJ9heitL2V3Xle40PPItGaqeosBaUpFcpxYP0kqFA8gqlrk\" target=\"_blank\" rel=\"noopener\">http:\/\/www.wikielecgks.pl\/gks-wikielec-rozpoczal-przygotowania\/?fbclid=IwAR0ACeaLUEFXGJ9heitL2V3Xle40PPItGaqeosBaUpFcpxYP0kqFA8gqlrk<\/a><\/p>\n","protected":false},"excerpt":{"rendered":"<p>Trwaj\u0105 przygotowania do rundy wiosennej w forBET IV Lidze, kt\u00f3ra rozpocznie si\u0119 w ostatni weekend marca. Zrobili\u015bmy ma\u0142e rozeznanie po stronach internetowych klub\u00f3w forBET IV Ligi. Co zatem s\u0142ycha\u0107 u naszych czwartoligowc\u00f3w? T\u0119cza Biskupiec Ekipa z Biskupca rozpocz\u0119\u0142a przygotowania 13 stycznia. Z dru\u017cyn\u0105 trenuje dw\u00f3ch junior\u00f3w: Micha\u0142 W\u00f3jcik i Kamil Tomczuk. Pierwszy mecz kontrolny rozegrany [&hellip;]<\/p>\n","protected":false},"author":3,"featured_media":6944,"comment_status":"open","ping_status":"open","sticky":false,"template":"","format":"standard","meta":{"footnotes":""},"categories":[49],"tags":[],"class_list":["post-10111","post","type-post","status-publish","format-standard","has-post-thumbnail","hentry","category-iv-liga"],"_links":{"self":[{"href":"https:\/\/wmzpn.pl\/index.php?rest_route=\/wp\/v2\/posts\/10111","targetHints":{"allow":["GET"]}}],"collection":[{"href":"https:\/\/wmzpn.pl\/index.php?rest_route=\/wp\/v2\/posts"}],"about":[{"href":"https:\/\/wmzpn.pl\/index.php?rest_route=\/wp\/v2\/types\/post"}],"author":[{"embeddable":true,"href":"https:\/\/wmzpn.pl\/index.php?rest_route=\/wp\/v2\/users\/3"}],"replies":[{"embeddable":true,"href":"https:\/\/wmzpn.pl\/index.php?rest_route=%2Fwp%2Fv2%2Fcomments&post=10111"}],"version-history":[{"count":25,"href":"https:\/\/wmzpn.pl\/index.php?rest_route=\/wp\/v2\/posts\/10111\/revisions"}],"predecessor-version":[{"id":10199,"href":"https:\/\/wmzpn.pl\/index.php?rest_route=\/wp\/v2\/posts\/10111\/revisions\/10199"}],"wp:featuredmedia":[{"embeddable":true,"href":"https:\/\/wmzpn.pl\/index.php?rest_route=\/wp\/v2\/media\/6944"}],"wp:attachment":[{"href":"https:\/\/wmzpn.pl\/index.php?rest_route=%2Fwp%2Fv2%2Fmedia&parent=10111"}],"wp:term":[{"taxonomy":"category","embeddable":true,"href":"https:\/\/wmzpn.pl\/index.php?rest_route=%2Fwp%2Fv2%2Fcategories&post=10111"},{"taxonomy":"post_tag","embeddable":true,"href":"https:\/\/wmzpn.pl\/index.php?rest_route=%2Fwp%2Fv2%2Ftags&post=10111"}],"curies":[{"name":"wp","href":"https:\/\/api.w.org\/{rel}","templated":true}]}}